{"id":229449,"date":"2025-09-15T12:36:53","date_gmt":"2025-09-15T19:36:53","guid":{"rendered":"https:\/\/rnoticias.com.mx\/Portal\/?p=229449"},"modified":"2025-09-15T12:36:53","modified_gmt":"2025-09-15T19:36:53","slug":"realiza-gobierno-de-sonora-primer-simposio-internacional-de-tecnologias-agricolas-mexico-cuba-ues","status":"publish","type":"post","link":"https:\/\/rnoticias.com.mx\/Portal\/2025\/09\/15\/realiza-gobierno-de-sonora-primer-simposio-internacional-de-tecnologias-agricolas-mexico-cuba-ues\/","title":{"rendered":"Realiza Gobierno de Sonora Primer Simposio Internacional de Tecnolog\u00edas Agr\u00edcolas M\u00e9xico-Cuba: UES"},"content":{"rendered":"<p>San Luis R\u00edo Colorado, Sonora; 15 de septiembre de 2025.- Como parte del fortalecimiento de la formaci\u00f3n de profesionistas del sector agr\u00edcola, con una visi\u00f3n innovadora y de sustentabilidad, la Universidad Estatal de Sonora (UES), a trav\u00e9s de la unidad acad\u00e9mica San Luis R\u00edo Colorado, realiz\u00f3 el Primer Simposio Internacional de Tecnolog\u00edas Agr\u00edcolas M\u00e9xico-Cuba.<\/p>\n<p>La actividad estuvo dirigida a estudiantes de Ingenier\u00eda en Horticultura, con el prop\u00f3sito de que adquieran las competencias necesarias para contribuir a los esfuerzos del gobernador Alfonso Durazo de mejorar la producci\u00f3n, la eficiencia y la sostenibilidad de la agricultura en la entidad.<\/p>\n<p>Carlos Ram\u00edrez Escamilla, director de la UES, unidad acad\u00e9mica San Luis R\u00edo Colorado, a nombre de la rectora Martha Patricia Pati\u00f1o Fierro, destac\u00f3 la importancia de los v\u00ednculos internacionales para la formaci\u00f3n profesional y la adopci\u00f3n de tecnolog\u00edas sustentables en el campo sonorense.<\/p>\n<p>El programa fue coordinado por el docente Yohandri Ruis\u00e1nchez Ortega, integrante del Cuerpo Acad\u00e9mico Tecnolog\u00eda Agr\u00edcola y Desarrollo Sustentable, quien adem\u00e1s imparti\u00f3 el curso \u201cBuenas pr\u00e1cticas agr\u00edcolas en campo\u201d.<\/p>\n<p>Como especialistas invitados participaron: Dr. Antonio Morales Maza (Inifap), en investigaci\u00f3n agr\u00edcola; M.C. Mar\u00eda Concepci\u00f3n Quintero Dur\u00f3n, con la ponencia \u201cInocuidad postcosecha: clave para la seguridad alimentaria\u201d; y Dra. Mar\u00eda Isabel Hern\u00e1ndez D\u00edaz, con la conferencia \u201cUso y potencial de los biofertilizantes en la agricultura\u201d.<\/p>\n<p>Con estas acciones, la UES reafirma su compromiso con la internacionalizaci\u00f3n, la transferencia de conocimiento y la sustentabilidad, en beneficio de sus estudiantes y del desarrollo del sector agr\u00edcola de Sonora, en coordinaci\u00f3n con las pol\u00edticas p\u00fablicas del Gobierno de Sonora.<\/p>\n","protected":false},"excerpt":{"rendered":"<p>San Luis R\u00edo Colorado, Sonora; 15 de septiembre de 2025.- Como parte del fortalecimiento de la formaci\u00f3n de profesionistas del sector agr\u00edcola, con una visi\u00f3n innovadora y de sustentabilidad, la Universidad Estatal de Sonora (UES), a trav\u00e9s de la unidad acad\u00e9mica San Luis R\u00edo Colorado, realiz\u00f3 el Primer Simposio Internacional de Tecnolog\u00edas Agr\u00edcolas M\u00e9xico-Cuba. La [&hellip;]<\/p>\n","protected":false},"author":2,"featured_media":229450,"comment_status":"closed","ping_status":"closed","sticky":false,"template":"","format":"standard","meta":{"footnotes":""},"categories":[12870,174],"tags":[12865,12873],"class_list":["post-229449","post","type-post","status-publish","format-standard","has-post-thumbnail","hentry","category-destacadas","category-estatal","tag-destacadas","tag-estatal"],"jetpack_featured_media_url":"https:\/\/rnoticias.com.mx\/Portal\/wp-content\/uploads\/2025\/09\/88i.jpg","amp_enabled":true,"_links":{"self":[{"href":"https:\/\/rnoticias.com.mx\/Portal\/wp-json\/wp\/v2\/posts\/229449","targetHints":{"allow":["GET"]}}],"collection":[{"href":"https:\/\/rnoticias.com.mx\/Portal\/wp-json\/wp\/v2\/posts"}],"about":[{"href":"https:\/\/rnoticias.com.mx\/Portal\/wp-json\/wp\/v2\/types\/post"}],"author":[{"embeddable":true,"href":"https:\/\/rnoticias.com.mx\/Portal\/wp-json\/wp\/v2\/users\/2"}],"replies":[{"embeddable":true,"href":"https:\/\/rnoticias.com.mx\/Portal\/wp-json\/wp\/v2\/comments?post=229449"}],"version-history":[{"count":1,"href":"https:\/\/rnoticias.com.mx\/Portal\/wp-json\/wp\/v2\/posts\/229449\/revisions"}],"predecessor-version":[{"id":229451,"href":"https:\/\/rnoticias.com.mx\/Portal\/wp-json\/wp\/v2\/posts\/229449\/revisions\/229451"}],"wp:featuredmedia":[{"embeddable":true,"href":"https:\/\/rnoticias.com.mx\/Portal\/wp-json\/wp\/v2\/media\/229450"}],"wp:attachment":[{"href":"https:\/\/rnoticias.com.mx\/Portal\/wp-json\/wp\/v2\/media?parent=229449"}],"wp:term":[{"taxonomy":"category","embeddable":true,"href":"https:\/\/rnoticias.com.mx\/Portal\/wp-json\/wp\/v2\/categories?post=229449"},{"taxonomy":"post_tag","embeddable":true,"href":"https:\/\/rnoticias.com.mx\/Portal\/wp-json\/wp\/v2\/tags?post=229449"}],"curies":[{"name":"wp","href":"https:\/\/api.w.org\/{rel}","templated":true}]}}