{"id":229436,"date":"2025-09-14T22:10:37","date_gmt":"2025-09-15T05:10:37","guid":{"rendered":"https:\/\/rnoticias.com.mx\/Portal\/?p=229436"},"modified":"2025-09-14T22:10:37","modified_gmt":"2025-09-15T05:10:37","slug":"mexico-se-prepara-para-el-primer-grito-de-independencia-de-una-presidenta","status":"publish","type":"post","link":"https:\/\/rnoticias.com.mx\/Portal\/2025\/09\/14\/mexico-se-prepara-para-el-primer-grito-de-independencia-de-una-presidenta\/","title":{"rendered":"M\u00e9xico se prepara para el primer Grito de Independencia de una Presidenta"},"content":{"rendered":"<p>Despu\u00e9s de 215 a\u00f1os del inicio de la lucha por la emancipaci\u00f3n del Imperio espa\u00f1ol, en 1810, por primera vez en su historia, M\u00e9xico se prepara para un Grito de Independencia pronunciado por una Presidenta.<\/p>\n<p><mark><strong>Claudia Sheinbaum Pardo se convertir\u00e1 la noche del pr\u00f3ximo lunes 15 de septiembre en la primera mujer al mando del pa\u00eds en entonar tres veces el en\u00e9rgico &#8220;Viva M\u00e9xico&#8221;, despu\u00e9s de que 65 presidentes lo hicieran antes que ella frente a los centenares de miles de personas en el Z\u00f3calo capitalino.<\/strong><\/mark><\/p>\n<p>A las 23:00 hora Centro de M\u00e9xico, tras los conciertos de Alejandra \u00c1valos, el grupo Legado de Grandeza y La Arrolladora Banda El Lim\u00f3n, Sheinbaum evocar\u00e1 el llamado a la Independencia de 1810, con el tocar de las campanas de Palacio Nacional, el ondeo de la bandera de la Rep\u00fablica y brindando honores a los h\u00e9roes patrios de la naci\u00f3n que lucharon durante los 11 a\u00f1os de guerra por la independencia.<\/p>\n<p>El hecho de que una mujer encabece la ceremonia es motivo de especial orgullo para muchas mexicanas, como Marta Garc\u00eda, quien asegura que &#8220;ya era tiempo de que hubiera una presidenta&#8221;, convencida de la necesidad del cambio.<\/p>\n<p><mark><strong>Por su parte, Ang\u00e9lica, que celebrar\u00e1 el evento con su familia y su beb\u00e9 desde su casa en una de las colonias de la capital del pa\u00eds, se\u00f1ala que le &#8220;llena de orgullo que sea una mujer&#8221;, porque es un ejemplo de que es posible &#8220;seguir avanzando&#8221; y conseguir &#8220;puestos importantes dentro de esta ilusi\u00f3n\u201d.<\/strong><\/mark><\/p>\n<p>Tambi\u00e9n lo ver\u00e1 desde su vivienda Luis Arenas, de 83 a\u00f1os, quien lo seguir\u00e1 &#8220;con la ventaja de la televisi\u00f3n&#8221; para celebrar &#8220;la libertad que tenemos y que tuvieron todos los pueblos mexicanos&#8221;.<\/p>\n<p>&#8220;Somos totalmente libres, ya no estamos bajo el yugo de los espa\u00f1oles. Ahora s\u00ed somos libres\u201d, afirm\u00f3.<\/p>\n<p>A pesar de las luces, las banderas, la pirotecnia y el decorado que acompa\u00f1ar\u00e1 a Sheinbaum en su salida al balc\u00f3n de Palacio Nacional, tanto Garc\u00eda como Arenas explican que &#8220;antes era mucho m\u00e1s bonito&#8221; que ahora, porque ya &#8220;se ha diluido y mucha gente ya casi no lo celebra&#8221;.<\/p>\n<p><mark><strong>Sin embargo, para muchos, la esencia de la celebraci\u00f3n se mantiene intacta en la intimidad del hogar, donde la familia se re\u00fane alrededor de una cena tradicional con platillos &#8220;muy, muy, muy t\u00edpicos&#8221; como el pozole, los tamales o las quesadillas, seg\u00fan explica Yamilet Gonz\u00e1lez, que tambi\u00e9n celebrar\u00e1 la festiva noche en casa.<\/strong><\/mark><\/p>\n<p>Aunque dice que la experiencia de vivir el grito en el Z\u00f3calo es &#8220;inigualable&#8221;, Ang\u00e9lica expone que la inseguridad es un factor decisivo para muchas familias debido al gran n\u00famero de personas que acuden a la plaza.<\/p>\n<p>Por otro lado, las comunes precipitaciones de septiembre tambi\u00e9n hacen que muchas personas decidan quedarse en casa. No obstante, otros, como Arenas, exclaman que si llueve &#8220;no molesta porque est\u00e1s en pachanga, est\u00e1s en una armon\u00eda con gente&#8221;.<\/p>\n<p><strong>&#8220;Se siente bien. Es bonito celebrar un 15 de septiembre y 16 de septiembre con el desfile. Es una fiesta totalmente nacional&#8221;<\/strong>, exclama.<\/p>\n<p>Por ello, Gonz\u00e1lez invita a los extranjeros a venir a vivir esta &#8220;experiencia agradable, inolvidable&#8221; y a sentir el &#8220;cari\u00f1o&#8221; de M\u00e9xico en uno de sus d\u00edas m\u00e1s importantes del a\u00f1o.<\/p>\n<p>En 2024, el predecesor de Sheinbaum, Andr\u00e9s Manuel L\u00f3pez Obrador (2018-2024), congreg\u00f3 en su \u00faltimo grito como presidente a 280 mil personas repartidas entre la plaza capitalina y los 700 metros de la Avenida Francisco I. Madero, que la comunican con el Palacio de Bellas Artes.<\/p>\n","protected":false},"excerpt":{"rendered":"<p>Despu\u00e9s de 215 a\u00f1os del inicio de la lucha por la emancipaci\u00f3n del Imperio espa\u00f1ol, en 1810, por primera vez en su historia, M\u00e9xico se prepara para un Grito de Independencia pronunciado por una Presidenta. Claudia Sheinbaum Pardo se convertir\u00e1 la noche del pr\u00f3ximo lunes 15 de septiembre en la primera mujer al mando del [&hellip;]<\/p>\n","protected":false},"author":2,"featured_media":229437,"comment_status":"closed","ping_status":"closed","sticky":false,"template":"","format":"standard","meta":{"footnotes":""},"categories":[12870,172],"tags":[12865,12874],"class_list":["post-229436","post","type-post","status-publish","format-standard","has-post-thumbnail","hentry","category-destacadas","category-nacional","tag-destacadas","tag-nacional"],"jetpack_featured_media_url":"https:\/\/rnoticias.com.mx\/Portal\/wp-content\/uploads\/2025\/09\/sheinbaum-grito.png","amp_enabled":true,"_links":{"self":[{"href":"https:\/\/rnoticias.com.mx\/Portal\/wp-json\/wp\/v2\/posts\/229436","targetHints":{"allow":["GET"]}}],"collection":[{"href":"https:\/\/rnoticias.com.mx\/Portal\/wp-json\/wp\/v2\/posts"}],"about":[{"href":"https:\/\/rnoticias.com.mx\/Portal\/wp-json\/wp\/v2\/types\/post"}],"author":[{"embeddable":true,"href":"https:\/\/rnoticias.com.mx\/Portal\/wp-json\/wp\/v2\/users\/2"}],"replies":[{"embeddable":true,"href":"https:\/\/rnoticias.com.mx\/Portal\/wp-json\/wp\/v2\/comments?post=229436"}],"version-history":[{"count":1,"href":"https:\/\/rnoticias.com.mx\/Portal\/wp-json\/wp\/v2\/posts\/229436\/revisions"}],"predecessor-version":[{"id":229438,"href":"https:\/\/rnoticias.com.mx\/Portal\/wp-json\/wp\/v2\/posts\/229436\/revisions\/229438"}],"wp:featuredmedia":[{"embeddable":true,"href":"https:\/\/rnoticias.com.mx\/Portal\/wp-json\/wp\/v2\/media\/229437"}],"wp:attachment":[{"href":"https:\/\/rnoticias.com.mx\/Portal\/wp-json\/wp\/v2\/media?parent=229436"}],"wp:term":[{"taxonomy":"category","embeddable":true,"href":"https:\/\/rnoticias.com.mx\/Portal\/wp-json\/wp\/v2\/categories?post=229436"},{"taxonomy":"post_tag","embeddable":true,"href":"https:\/\/rnoticias.com.mx\/Portal\/wp-json\/wp\/v2\/tags?post=229436"}],"curies":[{"name":"wp","href":"https:\/\/api.w.org\/{rel}","templated":true}]}}