{"id":229413,"date":"2025-09-14T10:47:55","date_gmt":"2025-09-14T17:47:55","guid":{"rendered":"https:\/\/rnoticias.com.mx\/Portal\/?p=229413"},"modified":"2025-09-14T10:47:55","modified_gmt":"2025-09-14T17:47:55","slug":"gobierno-de-sonora-realiza-4to-deposito-del-programa-de-fortalecimiento-economico-para-familias-vulnerables","status":"publish","type":"post","link":"https:\/\/rnoticias.com.mx\/Portal\/2025\/09\/14\/gobierno-de-sonora-realiza-4to-deposito-del-programa-de-fortalecimiento-economico-para-familias-vulnerables\/","title":{"rendered":"Gobierno de Sonora realiza 4to dep\u00f3sito del Programa de Fortalecimiento Econ\u00f3mico para Familias Vulnerables"},"content":{"rendered":"<p>Hermosillo, Sonora; 14 de septiembre de 2025.\u2013 El Gobierno de Sonora, a trav\u00e9s de la Secretar\u00eda de Bienestar, informa que se ha realizado el cuarto dep\u00f3sito bimestral del a\u00f1o 2025 del Programa de Fortalecimiento Econ\u00f3mico para Familias Vulnerables, reafirmando el compromiso de cumplir puntualmente con esta pol\u00edtica social enfocada en brindar bienestar real a quienes m\u00e1s lo necesitan.<\/p>\n<p>Este programa representa una acci\u00f3n prioritaria del gobernador Alfonso Durazo Monta\u00f1o en materia de justicia social, al garantizar un ingreso complementario a 13 mil 365 familias sonorenses que viven en condiciones de pobreza o pobreza extrema, permiti\u00e9ndoles acceder a alimentos y productos b\u00e1sicos para el hogar.<\/p>\n<p>Cada persona beneficiaria recibe un apoyo econ\u00f3mico bimestral de dos mil 500 pesos, a trav\u00e9s de una tarjeta electr\u00f3nica. El recurso es cien por ciento estatal, y para este a\u00f1o 2025, el programa cuenta con un presupuesto hist\u00f3rico de 200 millones de pesos, destinado exclusivamente a mejorar las condiciones de vida de quienes han sido hist\u00f3ricamente olvidados.<\/p>\n<p>El titular de la Secretar\u00eda de Bienestar, Fernando Rojo de la Vega Molina, ha subrayado en diversas ocasiones que este esfuerzo forma parte de una transformaci\u00f3n profunda impulsada desde el gobierno estatal:<\/p>\n<p>\u201cEste programa representa m\u00e1s que una cifra econ\u00f3mica: es una pol\u00edtica p\u00fablica con rostro humano, que reconoce la lucha y el esfuerzo de miles de sonorenses.\u201d<\/p>\n<p>El programa se inserta en una estrategia integral de desarrollo social, que no solo busca brindar un apoyo econ\u00f3mico, sino tambi\u00e9n impulsar el desarrollo pleno de cada persona beneficiaria, reconociendo su derecho a una vida con dignidad y oportunidades.<\/p>\n<p>Para aclaraciones, dudas u orientaci\u00f3n relacionada con el programa, la ciudadan\u00eda puede comunicarse con el equipo de Atenci\u00f3n Ciudadana de la Secretar\u00eda de Bienestar, v\u00eda WhatsApp al n\u00famero 662 369 9989.<\/p>\n","protected":false},"excerpt":{"rendered":"<p>Hermosillo, Sonora; 14 de septiembre de 2025.\u2013 El Gobierno de Sonora, a trav\u00e9s de la Secretar\u00eda de Bienestar, informa que se ha realizado el cuarto dep\u00f3sito bimestral del a\u00f1o 2025 del Programa de Fortalecimiento Econ\u00f3mico para Familias Vulnerables, reafirmando el compromiso de cumplir puntualmente con esta pol\u00edtica social enfocada en brindar bienestar real a quienes [&hellip;]<\/p>\n","protected":false},"author":2,"featured_media":229414,"comment_status":"closed","ping_status":"closed","sticky":false,"template":"","format":"standard","meta":{"footnotes":""},"categories":[178],"tags":[12869],"class_list":["post-229413","post","type-post","status-publish","format-standard","has-post-thumbnail","hentry","category-local","tag-local"],"jetpack_featured_media_url":"https:\/\/rnoticias.com.mx\/Portal\/wp-content\/uploads\/2025\/09\/unnamed-39.jpg","amp_enabled":true,"_links":{"self":[{"href":"https:\/\/rnoticias.com.mx\/Portal\/wp-json\/wp\/v2\/posts\/229413","targetHints":{"allow":["GET"]}}],"collection":[{"href":"https:\/\/rnoticias.com.mx\/Portal\/wp-json\/wp\/v2\/posts"}],"about":[{"href":"https:\/\/rnoticias.com.mx\/Portal\/wp-json\/wp\/v2\/types\/post"}],"author":[{"embeddable":true,"href":"https:\/\/rnoticias.com.mx\/Portal\/wp-json\/wp\/v2\/users\/2"}],"replies":[{"embeddable":true,"href":"https:\/\/rnoticias.com.mx\/Portal\/wp-json\/wp\/v2\/comments?post=229413"}],"version-history":[{"count":1,"href":"https:\/\/rnoticias.com.mx\/Portal\/wp-json\/wp\/v2\/posts\/229413\/revisions"}],"predecessor-version":[{"id":229415,"href":"https:\/\/rnoticias.com.mx\/Portal\/wp-json\/wp\/v2\/posts\/229413\/revisions\/229415"}],"wp:featuredmedia":[{"embeddable":true,"href":"https:\/\/rnoticias.com.mx\/Portal\/wp-json\/wp\/v2\/media\/229414"}],"wp:attachment":[{"href":"https:\/\/rnoticias.com.mx\/Portal\/wp-json\/wp\/v2\/media?parent=229413"}],"wp:term":[{"taxonomy":"category","embeddable":true,"href":"https:\/\/rnoticias.com.mx\/Portal\/wp-json\/wp\/v2\/categories?post=229413"},{"taxonomy":"post_tag","embeddable":true,"href":"https:\/\/rnoticias.com.mx\/Portal\/wp-json\/wp\/v2\/tags?post=229413"}],"curies":[{"name":"wp","href":"https:\/\/api.w.org\/{rel}","templated":true}]}}