{"id":229410,"date":"2025-09-14T10:43:51","date_gmt":"2025-09-14T17:43:51","guid":{"rendered":"https:\/\/rnoticias.com.mx\/Portal\/?p=229410"},"modified":"2025-09-14T10:43:51","modified_gmt":"2025-09-14T17:43:51","slug":"historica-obra-de-paso-a-desnivel-en-colosio-y-solidaridad-transformara-la-movilidad-en-hermosillo","status":"publish","type":"post","link":"https:\/\/rnoticias.com.mx\/Portal\/2025\/09\/14\/historica-obra-de-paso-a-desnivel-en-colosio-y-solidaridad-transformara-la-movilidad-en-hermosillo\/","title":{"rendered":"Hist\u00f3rica obra de paso a desnivel en Colosio y Solidaridad transformar\u00e1 la movilidad en Hermosillo"},"content":{"rendered":"<p><b data-olk-copy-source=\"MessageBody\">Hermosillo, Sonora; 13 de septiembre, 2025.-<\/b>Hermosillo se transforma con la construcci\u00f3n del paso a desnivel en el cruce de los bulevares Colosio y Solidaridad, una obra sin precedentes que resolver\u00e1 uno de los puntos m\u00e1s congestionados de la ciudad.<\/p>\n<p aria-hidden=\"true\">\n<p>Con una inversi\u00f3n 100% municipal de 412 millones de pesos, el proyecto reducir\u00e1 hasta en un 70% los tiempos de espera en sem\u00e1foros, mejorar\u00e1 la seguridad vial y beneficiar\u00e1 a m\u00e1s de 74 mil automovilistas cada d\u00eda.<\/p>\n<p aria-hidden=\"true\">\n<p>El proyecto es parte del trabajo de la administraci\u00f3n del presidente municipal Antonio Astiazar\u00e1n Guti\u00e9rrez permitir\u00e1 disminuir hasta en un 70% los tiempos de espera en sem\u00e1foros, reducir accidentes viales y desfogar el tr\u00e1nsito de los m\u00e1s de 74 mil veh\u00edculos que diariamente circulan por la zona.<\/p>\n<p aria-hidden=\"true\">\n<p>Adem\u00e1s de su impacto en la movilidad, esta obra integral contempla 3 mil metros de ciclov\u00edas, la plantaci\u00f3n de 3 mil 900 \u00e1rboles y arbustos, as\u00ed como un parque lineal, beneficiando tambi\u00e9n a ciclistas, peatones y personas con discapacidad.<\/p>\n<p aria-hidden=\"true\">\n<p>En la historia de Hermosillo, nunca antes un Gobierno Municipal hab\u00eda emprendido un paso a desnivel financiado con recursos propios, sin endeudar a la ciudad. Esta inversi\u00f3n de 412 millones de pesos inici\u00f3 en enero y se proyecta concluir en un plazo de 14 meses, con la habilitaci\u00f3n de v\u00edas alternas para minimizar afectaciones al tr\u00e1nsito durante el proceso constructivo.<\/p>\n<p aria-hidden=\"true\">\n<p>El proyecto integral tambi\u00e9n incluye la modernizaci\u00f3n de los cruceros en Real del Arco Norte y Real del Arco Sur, garantizando mayor fluidez vehicular en todo el sector.<\/p>\n<p aria-hidden=\"true\">\n<p>Despu\u00e9s de cuatro a\u00f1os de gobierno encabezado por Astiazar\u00e1n Guti\u00e9rrez, Hermosillo se consolida como una ciudad que crece y se transforma, con infraestructura moderna, sustentable e incluyente.<\/p>\n<p aria-hidden=\"true\">\n<p><b>Detalles de obra:<\/b><\/p>\n<p>&#8211; Inversi\u00f3n: 412 mdp de recursos municipales<\/p>\n<p>&#8211; Construcci\u00f3n de puente vehicular tipo caj\u00f3n de 4.5 metros de altura libre de concreto reforzado<\/p>\n<p>&#8211; Construcci\u00f3n de parque lineal entre Solidaridad y Las Quintas<\/p>\n<p>&#8211; 3 mil metros de ciclov\u00edas<\/p>\n<p>&#8211; Plantaci\u00f3n mil 900 unidades de \u00e1rboles y arbustos<\/p>\n<p>&#8211; Construcci\u00f3n de tanque de almacenamiento e infiltraci\u00f3n de aguas pluviales<\/p>\n<p>&#8211; Construcci\u00f3n de muros de contenci\u00f3n<\/p>\n<p>&#8211; Alumbrado p\u00fablico: instalaci\u00f3n de 42 l\u00e1mparas y 16 wallpacks<\/p>\n<p>&#8211; Semaforizaci\u00f3n<\/p>\n<p>&#8211; Se\u00f1alamiento vertical y horizontal<\/p>\n<p>&#8211; Construcci\u00f3n de gu\u00eda t\u00e1ctil<\/p>\n<p>&#8211; Fabricaci\u00f3n de guarniciones y banquetas<\/p>\n<p>&#8211; Rehabilitaci\u00f3n de infraestructura en general (agua y drenaje)<\/p>\n<p>&#8211; Ampliaci\u00f3n de rejillas de captaci\u00f3n pluvial en las zonas colindante<\/p>\n<p aria-hidden=\"true\">\n","protected":false},"excerpt":{"rendered":"<p>Hermosillo, Sonora; 13 de septiembre, 2025.-Hermosillo se transforma con la construcci\u00f3n del paso a desnivel en el cruce de los bulevares Colosio y Solidaridad, una obra sin precedentes que resolver\u00e1 uno de los puntos m\u00e1s congestionados de la ciudad. Con una inversi\u00f3n 100% municipal de 412 millones de pesos, el proyecto reducir\u00e1 hasta en un [&hellip;]<\/p>\n","protected":false},"author":2,"featured_media":229411,"comment_status":"closed","ping_status":"closed","sticky":false,"template":"","format":"standard","meta":{"footnotes":""},"categories":[12870,178],"tags":[12865,12869],"class_list":["post-229410","post","type-post","status-publish","format-standard","has-post-thumbnail","hentry","category-destacadas","category-local","tag-destacadas","tag-local"],"jetpack_featured_media_url":"https:\/\/rnoticias.com.mx\/Portal\/wp-content\/uploads\/2025\/09\/WhatsApp-Image-2025-09-13-at-1.29.06-PM.jpeg","amp_enabled":true,"_links":{"self":[{"href":"https:\/\/rnoticias.com.mx\/Portal\/wp-json\/wp\/v2\/posts\/229410","targetHints":{"allow":["GET"]}}],"collection":[{"href":"https:\/\/rnoticias.com.mx\/Portal\/wp-json\/wp\/v2\/posts"}],"about":[{"href":"https:\/\/rnoticias.com.mx\/Portal\/wp-json\/wp\/v2\/types\/post"}],"author":[{"embeddable":true,"href":"https:\/\/rnoticias.com.mx\/Portal\/wp-json\/wp\/v2\/users\/2"}],"replies":[{"embeddable":true,"href":"https:\/\/rnoticias.com.mx\/Portal\/wp-json\/wp\/v2\/comments?post=229410"}],"version-history":[{"count":1,"href":"https:\/\/rnoticias.com.mx\/Portal\/wp-json\/wp\/v2\/posts\/229410\/revisions"}],"predecessor-version":[{"id":229412,"href":"https:\/\/rnoticias.com.mx\/Portal\/wp-json\/wp\/v2\/posts\/229410\/revisions\/229412"}],"wp:featuredmedia":[{"embeddable":true,"href":"https:\/\/rnoticias.com.mx\/Portal\/wp-json\/wp\/v2\/media\/229411"}],"wp:attachment":[{"href":"https:\/\/rnoticias.com.mx\/Portal\/wp-json\/wp\/v2\/media?parent=229410"}],"wp:term":[{"taxonomy":"category","embeddable":true,"href":"https:\/\/rnoticias.com.mx\/Portal\/wp-json\/wp\/v2\/categories?post=229410"},{"taxonomy":"post_tag","embeddable":true,"href":"https:\/\/rnoticias.com.mx\/Portal\/wp-json\/wp\/v2\/tags?post=229410"}],"curies":[{"name":"wp","href":"https:\/\/api.w.org\/{rel}","templated":true}]}}