{"id":229384,"date":"2025-09-13T08:34:07","date_gmt":"2025-09-13T15:34:07","guid":{"rendered":"https:\/\/rnoticias.com.mx\/Portal\/?p=229384"},"modified":"2025-09-13T08:34:07","modified_gmt":"2025-09-13T15:34:07","slug":"colabora-gobierno-de-sonora-con-acciones-preventivas-para-nogalenses","status":"publish","type":"post","link":"https:\/\/rnoticias.com.mx\/Portal\/2025\/09\/13\/colabora-gobierno-de-sonora-con-acciones-preventivas-para-nogalenses\/","title":{"rendered":"Colabora Gobierno de Sonora con acciones preventivas para nogalenses"},"content":{"rendered":"<p>Nogales, Sonora; 13 de septiembre de 2025.- Para promover acciones de prevenci\u00f3n del delito y uso de la l\u00ednea de emergencias 9-1-1, la Secretar\u00eda de Seguridad P\u00fablica (SSP) del Gobierno de Sonora se suma al volanteo entre la ciudadan\u00eda de Nogales.<\/p>\n<p>Grupos operativos de la Polic\u00eda Estatal de Seguridad P\u00fablica (PESP) unieron acciones de proximidad durante la semana en un volanteo con el Ayuntamiento de Nogales para compartir informaci\u00f3n con la ciudadan\u00eda en los principales cruceros del municipio; adem\u00e1s, en colaboraci\u00f3n, el pasado 10 de septiembre, en el marco del D\u00eda Mundial para la Prevenci\u00f3n del Suicidio, salieron a las calles para visibilizar la importancia de la prevenci\u00f3n.<\/p>\n<p>Durante la jornada de trabajo se hizo un llamado a la ciudadan\u00eda sobre el uso de la l\u00ednea de denuncia an\u00f3nima 089, la salud emocional y la prevenci\u00f3n de la violencia en el municipio fronterizo, donde se cont\u00f3 con la participaci\u00f3n de los operativos PESP, el Centro Estatal de Prevenci\u00f3n del Delito y Participaci\u00f3n Ciudadana, Prevenci\u00f3n Municipal, Cruz Roja, Bomberos y dependencias locales.<\/p>\n","protected":false},"excerpt":{"rendered":"<p>Nogales, Sonora; 13 de septiembre de 2025.- Para promover acciones de prevenci\u00f3n del delito y uso de la l\u00ednea de emergencias 9-1-1, la Secretar\u00eda de Seguridad P\u00fablica (SSP) del Gobierno de Sonora se suma al volanteo entre la ciudadan\u00eda de Nogales. Grupos operativos de la Polic\u00eda Estatal de Seguridad P\u00fablica (PESP) unieron acciones de proximidad [&hellip;]<\/p>\n","protected":false},"author":2,"featured_media":229385,"comment_status":"closed","ping_status":"closed","sticky":false,"template":"","format":"standard","meta":{"footnotes":""},"categories":[12870,174],"tags":[12865,12873],"class_list":["post-229384","post","type-post","status-publish","format-standard","has-post-thumbnail","hentry","category-destacadas","category-estatal","tag-destacadas","tag-estatal"],"jetpack_featured_media_url":"https:\/\/rnoticias.com.mx\/Portal\/wp-content\/uploads\/2025\/09\/33w.jpg","amp_enabled":true,"_links":{"self":[{"href":"https:\/\/rnoticias.com.mx\/Portal\/wp-json\/wp\/v2\/posts\/229384","targetHints":{"allow":["GET"]}}],"collection":[{"href":"https:\/\/rnoticias.com.mx\/Portal\/wp-json\/wp\/v2\/posts"}],"about":[{"href":"https:\/\/rnoticias.com.mx\/Portal\/wp-json\/wp\/v2\/types\/post"}],"author":[{"embeddable":true,"href":"https:\/\/rnoticias.com.mx\/Portal\/wp-json\/wp\/v2\/users\/2"}],"replies":[{"embeddable":true,"href":"https:\/\/rnoticias.com.mx\/Portal\/wp-json\/wp\/v2\/comments?post=229384"}],"version-history":[{"count":1,"href":"https:\/\/rnoticias.com.mx\/Portal\/wp-json\/wp\/v2\/posts\/229384\/revisions"}],"predecessor-version":[{"id":229386,"href":"https:\/\/rnoticias.com.mx\/Portal\/wp-json\/wp\/v2\/posts\/229384\/revisions\/229386"}],"wp:featuredmedia":[{"embeddable":true,"href":"https:\/\/rnoticias.com.mx\/Portal\/wp-json\/wp\/v2\/media\/229385"}],"wp:attachment":[{"href":"https:\/\/rnoticias.com.mx\/Portal\/wp-json\/wp\/v2\/media?parent=229384"}],"wp:term":[{"taxonomy":"category","embeddable":true,"href":"https:\/\/rnoticias.com.mx\/Portal\/wp-json\/wp\/v2\/categories?post=229384"},{"taxonomy":"post_tag","embeddable":true,"href":"https:\/\/rnoticias.com.mx\/Portal\/wp-json\/wp\/v2\/tags?post=229384"}],"curies":[{"name":"wp","href":"https:\/\/api.w.org\/{rel}","templated":true}]}}