{"id":229381,"date":"2025-09-13T08:33:13","date_gmt":"2025-09-13T15:33:13","guid":{"rendered":"https:\/\/rnoticias.com.mx\/Portal\/?p=229381"},"modified":"2025-09-13T08:33:13","modified_gmt":"2025-09-13T15:33:13","slug":"miguel-bose-pide-mas-seguridad-para-su-presentacion-del-grito-de-independencia-en-culiacan","status":"publish","type":"post","link":"https:\/\/rnoticias.com.mx\/Portal\/2025\/09\/13\/miguel-bose-pide-mas-seguridad-para-su-presentacion-del-grito-de-independencia-en-culiacan\/","title":{"rendered":"Miguel Bos\u00e9 pide m\u00e1s seguridad para su presentaci\u00f3n del Grito de Independencia en Culiac\u00e1n"},"content":{"rendered":"<p>El cantante\u00a0<strong>Miguel Bos\u00e9,\u00a0<\/strong>quien hab\u00eda cancelado su presentaci\u00f3n en los festejos de la noche del Grito de Independencia, en Culiac\u00e1n, por recomendaciones de sus seguidores,\u00a0<strong>rectific\u00f3 su postura y mantuvo su decisi\u00f3n de estar presente en el evento, con mayor seguridad.<\/strong><\/p>\n<p><mark><strong>Rub\u00e9n Rocha Moya, gobernador del estado, coment\u00f3 que se tuvo comunicaci\u00f3n con el artista, quien hizo una serie de peticiones en cuanto a su seguridad; una vez que se cumplieron sus demandas y se le expuso la situaci\u00f3n y las medidas que se tienen para este evento, decidi\u00f3 mantener su contrato de presentaci\u00f3n.<\/strong><\/mark><\/p>\n<p>Se\u00f1al\u00f3 que Miguel Bos\u00e9 recibi\u00f3 recomendaciones de seguidores de no presentarse en las fiestas patrias en la capital del estado, por lo que este hab\u00eda notificado la cancelaci\u00f3n de su participaci\u00f3n en el evento art\u00edstico, en\u00a0<strong>el que se presentar\u00e1n Marisela, &#8220;El Coyote&#8221; y su banda.<\/strong><\/p>\n<p>Afirm\u00f3 que los festejos del Grito de Independencia se mantienen en todas las alcald\u00edas del estado, a excepci\u00f3n del municipio de San Ignacio, donde las autoridades consideran que no existen las condiciones de seguridad necesarias.<\/p>\n<p>Subray\u00f3 que los presidentes municipales tienen la autonom\u00eda para determinar si es posible realizar las fiestas patrias, por lo que cada uno de ellos conoce muy bien la situaci\u00f3n de su terreno para determinar lo que procede.<\/p>\n<p>Rocha Moya extern\u00f3 que, en el caso del municipio de Navolato, su alcalde solo emiti\u00f3 un comentario que evaluaba las condiciones de seguridad que prevalecen, sin embargo, por lo que conoce, este s\u00ed celebrar\u00e1 las fiestas.<\/p>\n<p>En relaci\u00f3n con el servicio del transporte urbano en la Noche del Grito, apunt\u00f3 que los concesionarios ya determinaron que<mark><strong>\u00a0brindar\u00e1n servicio gratuito a partir de las cuatro de la tarde y concluir\u00e1 a la una de la ma\u00f1ana para que las familias puedan trasladarse a la explanada de Palacio de Gobierno y luego retornar tranquilos a sus hogares.<\/strong><\/mark><\/p>\n<p>Subray\u00f3 que se contar\u00e1 con un operativo especial de vigilancia con las fuerzas estatales y federales en los veinte municipios del estado, y en la capital de Sinaloa se reforzar\u00e1 la vigilancia en zonas estrat\u00e9gicas.<\/p>\n<h2>Garantizan seguridad y transporte para que el p\u00fablico disfrute de Miguel Bos\u00e9<\/h2>\n<p>Consider\u00f3 que existen las condiciones de seguridad para que las familias puedan salir de sus hogares a presenciar los festejos patrios, con un servicio de transporte gratuito que les permitir\u00e1 retornar a sus hogares con tranquilidad.<\/p>\n<p><mark><strong>Marco Antonio Osuna Moreno, Titular de Vialidad y Transporte del Estado, explic\u00f3 que la cobertura gratuita del transporte que iniciar\u00e1 desde la cuatro de la tarde cubrir\u00e1 52 rutas y un total de 156 camiones en la capital del estado.<\/strong><\/mark><\/p>\n<p>En cada ruta se contar\u00e1 con tres unidades, las cuales dar\u00e1n servicio continuo, hasta el \u00faltimo pasajero,\u00a0<strong>para que las familias puedan asistir al evento de la noche del grito en el Palacio de Gobierno, donde se presentar\u00e1n Miguel Bos\u00e9, Marisela y El Coyote con su banda, entre otros artistas.<\/strong><\/p>\n<p>Durante los festejos patrios se contar\u00e1 con vigilancia en los veinte municipios del estado, con fuerzas federales y estatales; en el caso de la capital del estado, se contar\u00e1 con patrullajes y en el caso de Palacio de Gobierno, se ubicar\u00e1n unidades de control.<\/p>\n<p>En el caso del municipio de San Ignacio, el presidente municipal, Luis Fernando Loaiza, anunci\u00f3 que los festejos patrios fueron suspendidos por la situaci\u00f3n de inseguridad que se presenta, por lo que pidi\u00f3 a la poblaci\u00f3n su comprensi\u00f3n.<\/p>\n","protected":false},"excerpt":{"rendered":"<p>El cantante\u00a0Miguel Bos\u00e9,\u00a0quien hab\u00eda cancelado su presentaci\u00f3n en los festejos de la noche del Grito de Independencia, en Culiac\u00e1n, por recomendaciones de sus seguidores,\u00a0rectific\u00f3 su postura y mantuvo su decisi\u00f3n de estar presente en el evento, con mayor seguridad. Rub\u00e9n Rocha Moya, gobernador del estado, coment\u00f3 que se tuvo comunicaci\u00f3n con el artista, quien hizo [&hellip;]<\/p>\n","protected":false},"author":2,"featured_media":229382,"comment_status":"closed","ping_status":"closed","sticky":false,"template":"","format":"standard","meta":{"footnotes":""},"categories":[12870,219],"tags":[12865,12875],"class_list":["post-229381","post","type-post","status-publish","format-standard","has-post-thumbnail","hentry","category-destacadas","category-espectaculos","tag-destacadas","tag-espectaculos"],"jetpack_featured_media_url":"https:\/\/rnoticias.com.mx\/Portal\/wp-content\/uploads\/2025\/09\/miguel-bose_1.jpg_2135042715.webp","amp_enabled":true,"_links":{"self":[{"href":"https:\/\/rnoticias.com.mx\/Portal\/wp-json\/wp\/v2\/posts\/229381","targetHints":{"allow":["GET"]}}],"collection":[{"href":"https:\/\/rnoticias.com.mx\/Portal\/wp-json\/wp\/v2\/posts"}],"about":[{"href":"https:\/\/rnoticias.com.mx\/Portal\/wp-json\/wp\/v2\/types\/post"}],"author":[{"embeddable":true,"href":"https:\/\/rnoticias.com.mx\/Portal\/wp-json\/wp\/v2\/users\/2"}],"replies":[{"embeddable":true,"href":"https:\/\/rnoticias.com.mx\/Portal\/wp-json\/wp\/v2\/comments?post=229381"}],"version-history":[{"count":1,"href":"https:\/\/rnoticias.com.mx\/Portal\/wp-json\/wp\/v2\/posts\/229381\/revisions"}],"predecessor-version":[{"id":229383,"href":"https:\/\/rnoticias.com.mx\/Portal\/wp-json\/wp\/v2\/posts\/229381\/revisions\/229383"}],"wp:featuredmedia":[{"embeddable":true,"href":"https:\/\/rnoticias.com.mx\/Portal\/wp-json\/wp\/v2\/media\/229382"}],"wp:attachment":[{"href":"https:\/\/rnoticias.com.mx\/Portal\/wp-json\/wp\/v2\/media?parent=229381"}],"wp:term":[{"taxonomy":"category","embeddable":true,"href":"https:\/\/rnoticias.com.mx\/Portal\/wp-json\/wp\/v2\/categories?post=229381"},{"taxonomy":"post_tag","embeddable":true,"href":"https:\/\/rnoticias.com.mx\/Portal\/wp-json\/wp\/v2\/tags?post=229381"}],"curies":[{"name":"wp","href":"https:\/\/api.w.org\/{rel}","templated":true}]}}