{"id":229378,"date":"2025-09-13T08:31:58","date_gmt":"2025-09-13T15:31:58","guid":{"rendered":"https:\/\/rnoticias.com.mx\/Portal\/?p=229378"},"modified":"2025-09-13T08:31:58","modified_gmt":"2025-09-13T15:31:58","slug":"suprema-corte-de-brasil-dicta-27-anos-de-prision-a-bolsonaro","status":"publish","type":"post","link":"https:\/\/rnoticias.com.mx\/Portal\/2025\/09\/13\/suprema-corte-de-brasil-dicta-27-anos-de-prision-a-bolsonaro\/","title":{"rendered":"Suprema Corte de Brasil dicta 27 a\u00f1os de prisi\u00f3n a Bolsonaro"},"content":{"rendered":"<p>Un panel de jueces del Supremo Tribunal Federal de Brasil sentenci\u00f3 ayer al ex presidente\u00a0Jair\u00a0Bolsonaro\u00a0a 27 a\u00f1os y tres meses de prisi\u00f3n tras declararlo culpable de intentar un golpe de Estado para permanecer en el cargo\u00a0a pesar de su derrota electoral de 2022.<\/p>\n<p>Bolsonaro, quien siempre ha negado haber cometido delito alguno, se encuentra actualmente bajo arresto domiciliario en Brasilia. Puede apelar la sentencia.<\/p>\n<p><strong>Cuatro de los cinco jueces que revisaron el caso en el panel declararon a Bolsonaro culpable de cinco cargos, en un fallo que presumiblemente profundizar\u00e1 las divisiones pol\u00edticas y provocar\u00e1 una reacci\u00f3n del gobierno de Estados Unidos.<\/strong>\u00a0Bolsonaro se convierte en el primer ex presidente brasile\u00f1o condenado por intento de golpe de Estado.<\/p>\n<p>Antes de que se conociera la sentencia, el presidente estadounidense, Donald Trump, hab\u00eda dicho que estaba \u201cmuy descontento\u201d de que el tribunal declarara culpable a Bolsonaro. Hablando con periodistas al salir de la Casa Blanca, dijo que siempre consider\u00f3 a Bolsonaro como \u201csobresaliente\u201d.<\/p>\n<p>La sentencia no significa que ir\u00e1 inmediatamente a prisi\u00f3n. El panel del tribunal tiene ahora hasta 60 d\u00edas para publicar el fallo. Una vez que lo haga, los abogados de\u00a0Bolsonaro\u00a0tienen cinco d\u00edas para presentar mociones de aclaraci\u00f3n.<\/p>\n<p>El fallo puede empujar a los legisladores aliados de Bolsonaro a buscar alguna amnist\u00eda para \u00e9l a trav\u00e9s del Congreso. Y el exmandatario podr\u00eda enfrentar una mayor presi\u00f3n para elegir un heredero que probablemente desaf\u00ede a Lula en las elecciones generales del pr\u00f3ximo a\u00f1o.<\/p>\n","protected":false},"excerpt":{"rendered":"<p>Un panel de jueces del Supremo Tribunal Federal de Brasil sentenci\u00f3 ayer al ex presidente\u00a0Jair\u00a0Bolsonaro\u00a0a 27 a\u00f1os y tres meses de prisi\u00f3n tras declararlo culpable de intentar un golpe de Estado para permanecer en el cargo\u00a0a pesar de su derrota electoral de 2022. Bolsonaro, quien siempre ha negado haber cometido delito alguno, se encuentra actualmente [&hellip;]<\/p>\n","protected":false},"author":2,"featured_media":229379,"comment_status":"closed","ping_status":"closed","sticky":false,"template":"","format":"standard","meta":{"footnotes":""},"categories":[12870,182],"tags":[12865,12871],"class_list":["post-229378","post","type-post","status-publish","format-standard","has-post-thumbnail","hentry","category-destacadas","category-internacional","tag-destacadas","tag-internacional"],"jetpack_featured_media_url":"https:\/\/rnoticias.com.mx\/Portal\/wp-content\/uploads\/2025\/09\/18int-brazil-bolsonaro-qctb-articleLarge.webp","amp_enabled":true,"_links":{"self":[{"href":"https:\/\/rnoticias.com.mx\/Portal\/wp-json\/wp\/v2\/posts\/229378","targetHints":{"allow":["GET"]}}],"collection":[{"href":"https:\/\/rnoticias.com.mx\/Portal\/wp-json\/wp\/v2\/posts"}],"about":[{"href":"https:\/\/rnoticias.com.mx\/Portal\/wp-json\/wp\/v2\/types\/post"}],"author":[{"embeddable":true,"href":"https:\/\/rnoticias.com.mx\/Portal\/wp-json\/wp\/v2\/users\/2"}],"replies":[{"embeddable":true,"href":"https:\/\/rnoticias.com.mx\/Portal\/wp-json\/wp\/v2\/comments?post=229378"}],"version-history":[{"count":1,"href":"https:\/\/rnoticias.com.mx\/Portal\/wp-json\/wp\/v2\/posts\/229378\/revisions"}],"predecessor-version":[{"id":229380,"href":"https:\/\/rnoticias.com.mx\/Portal\/wp-json\/wp\/v2\/posts\/229378\/revisions\/229380"}],"wp:featuredmedia":[{"embeddable":true,"href":"https:\/\/rnoticias.com.mx\/Portal\/wp-json\/wp\/v2\/media\/229379"}],"wp:attachment":[{"href":"https:\/\/rnoticias.com.mx\/Portal\/wp-json\/wp\/v2\/media?parent=229378"}],"wp:term":[{"taxonomy":"category","embeddable":true,"href":"https:\/\/rnoticias.com.mx\/Portal\/wp-json\/wp\/v2\/categories?post=229378"},{"taxonomy":"post_tag","embeddable":true,"href":"https:\/\/rnoticias.com.mx\/Portal\/wp-json\/wp\/v2\/tags?post=229378"}],"curies":[{"name":"wp","href":"https:\/\/api.w.org\/{rel}","templated":true}]}}