{"id":229371,"date":"2025-09-12T17:39:22","date_gmt":"2025-09-13T00:39:22","guid":{"rendered":"https:\/\/rnoticias.com.mx\/Portal\/?p=229371"},"modified":"2025-09-12T17:39:22","modified_gmt":"2025-09-13T00:39:22","slug":"reabre-mercado-municipal-de-hermosillo-como-patrimonio-restaurado-inah-sonora","status":"publish","type":"post","link":"https:\/\/rnoticias.com.mx\/Portal\/2025\/09\/12\/reabre-mercado-municipal-de-hermosillo-como-patrimonio-restaurado-inah-sonora\/","title":{"rendered":"Reabre Mercado Municipal de Hermosillo como patrimonio restaurado: INAH Sonora"},"content":{"rendered":"<p>El Mercado Municipal de Hermosillo reabri\u00f3 sus puertas tras una remodelaci\u00f3n integral considerada como una de las intervenciones hist\u00f3ricas m\u00e1s importantes en Sonora, asegur\u00f3 Zen\u00f3n Tiburcio Robles.<\/p>\n<p>&nbsp;<\/p>\n<p>El director del Centro INAH Sonora, destac\u00f3 que la reapertura coincide con el 40 aniversario del Museo Regional de Sonora, inaugurado por el entonces gobernador Samuel Oca\u00f1a y confirm\u00f3 que el inmueble se abri\u00f3 cumpliendo cada uno de los requerimientos estipulados.<\/p>\n<p>&nbsp;<\/p>\n<p>\u201cEvidentemente lo que tiene que ver con alguna instalaci\u00f3n\u00a0o con alg\u00fan acomodo ya de un local en particular, pues ya no tiene intervenci\u00f3n sobre el monumento\u00a0hist\u00f3rico, aunque s\u00ed seguimos pendientes, hemos entrado en muy buena coordinaci\u00f3n con\u00a0los locatarios, que incluso ellos se han conformado en un comit\u00e9 de protecci\u00f3n al monumento\u00a0hist\u00f3rico en s\u00ed, no nada m\u00e1s a la operaci\u00f3n del edificio y hemos estado trabajando con\u00a0ellos\u201d, afim\u00f3.<\/p>\n<p>&nbsp;<\/p>\n<p>Subray\u00f3 que el INAH mantendr\u00e1 coordinaci\u00f3n permanente con los locatarios para garantizar la conservaci\u00f3n de este inmueble con m\u00e1s de 115 a\u00f1os de historia, s\u00edmbolo cultural y econ\u00f3mico de Hermosillo.<\/p>\n","protected":false},"excerpt":{"rendered":"<p>El Mercado Municipal de Hermosillo reabri\u00f3 sus puertas tras una remodelaci\u00f3n integral considerada como una de las intervenciones hist\u00f3ricas m\u00e1s importantes en Sonora, asegur\u00f3 Zen\u00f3n Tiburcio Robles. &nbsp; El director del Centro INAH Sonora, destac\u00f3 que la reapertura coincide con el 40 aniversario del Museo Regional de Sonora, inaugurado por el entonces gobernador Samuel Oca\u00f1a [&hellip;]<\/p>\n","protected":false},"author":2,"featured_media":229372,"comment_status":"closed","ping_status":"closed","sticky":false,"template":"","format":"standard","meta":{"footnotes":""},"categories":[12870,178],"tags":[12865,12869],"class_list":["post-229371","post","type-post","status-publish","format-standard","has-post-thumbnail","hentry","category-destacadas","category-local","tag-destacadas","tag-local"],"jetpack_featured_media_url":"https:\/\/rnoticias.com.mx\/Portal\/wp-content\/uploads\/2025\/09\/d0e3f176-bf56-4c87-8b0a-fdece7577cf7.jpeg","amp_enabled":true,"_links":{"self":[{"href":"https:\/\/rnoticias.com.mx\/Portal\/wp-json\/wp\/v2\/posts\/229371","targetHints":{"allow":["GET"]}}],"collection":[{"href":"https:\/\/rnoticias.com.mx\/Portal\/wp-json\/wp\/v2\/posts"}],"about":[{"href":"https:\/\/rnoticias.com.mx\/Portal\/wp-json\/wp\/v2\/types\/post"}],"author":[{"embeddable":true,"href":"https:\/\/rnoticias.com.mx\/Portal\/wp-json\/wp\/v2\/users\/2"}],"replies":[{"embeddable":true,"href":"https:\/\/rnoticias.com.mx\/Portal\/wp-json\/wp\/v2\/comments?post=229371"}],"version-history":[{"count":1,"href":"https:\/\/rnoticias.com.mx\/Portal\/wp-json\/wp\/v2\/posts\/229371\/revisions"}],"predecessor-version":[{"id":229373,"href":"https:\/\/rnoticias.com.mx\/Portal\/wp-json\/wp\/v2\/posts\/229371\/revisions\/229373"}],"wp:featuredmedia":[{"embeddable":true,"href":"https:\/\/rnoticias.com.mx\/Portal\/wp-json\/wp\/v2\/media\/229372"}],"wp:attachment":[{"href":"https:\/\/rnoticias.com.mx\/Portal\/wp-json\/wp\/v2\/media?parent=229371"}],"wp:term":[{"taxonomy":"category","embeddable":true,"href":"https:\/\/rnoticias.com.mx\/Portal\/wp-json\/wp\/v2\/categories?post=229371"},{"taxonomy":"post_tag","embeddable":true,"href":"https:\/\/rnoticias.com.mx\/Portal\/wp-json\/wp\/v2\/tags?post=229371"}],"curies":[{"name":"wp","href":"https:\/\/api.w.org\/{rel}","templated":true}]}}