{"id":229361,"date":"2025-09-12T17:35:00","date_gmt":"2025-09-13T00:35:00","guid":{"rendered":"https:\/\/rnoticias.com.mx\/Portal\/?p=229361"},"modified":"2025-09-12T17:35:00","modified_gmt":"2025-09-13T00:35:00","slug":"reinauguran-mercado-municipal-tras-historica-remodelacion-de-120-mdp","status":"publish","type":"post","link":"https:\/\/rnoticias.com.mx\/Portal\/2025\/09\/12\/reinauguran-mercado-municipal-tras-historica-remodelacion-de-120-mdp\/","title":{"rendered":"Reinauguran Mercado Municipal tras hist\u00f3rica remodelaci\u00f3n de 120 mdp"},"content":{"rendered":"<p>Tras permanecer cerrado por casi dos a\u00f1os, este viernes 12 de septiembre el Mercado Municipal de Hermosillo volvi\u00f3 a abrir sus puertas totalmente renovado.<\/p>\n<p>&nbsp;<\/p>\n<p>La jefa de la Oficina del Ejecutivo del Gobierno de Sonora, Paulina Oca\u00f1a Encinas, inform\u00f3 que en la obra se invirtieron 120 millones de pesos para sustituir 314 vigas, reforzar muros con fracturas y modernizar sistemas de electricidad, drenaje y seguridad.<\/p>\n<p>&nbsp;<\/p>\n<p>\u201cEstamos muy contentos de parte de todo el Gobierno del Estado, pero en especial de los locatarios, de nuestro Gobernador Alfonso Durazo. Recordemos esta obra: este 15 de septiembre va a cumplir 115 a\u00f1os el Mercado Municipal desde que abri\u00f3 sus puertas y ahora un 12 de septiembre estamos todos aqu\u00ed reunidos viendo un Mercado totalmente transformado\u201d, dijo.<\/p>\n<p>&nbsp;<\/p>\n<p>Destac\u00f3 que, por primera vez en su historia de m\u00e1s de 115 a\u00f1os, el edificio cuenta con dict\u00e1menes de Protecci\u00f3n Civil, lo que garantiza seguridad y accesibilidad a locatarios y visitantes.<\/p>\n<p>&nbsp;<\/p>\n<p>Por otra parte, Oca\u00f1a se\u00f1al\u00f3 que la remodelaci\u00f3n no solo preserva el valor hist\u00f3rico del inmueble, sino que tambi\u00e9n asegura su vida \u00fatil por m\u00e1s de un siglo, al ser un espacio seguro, limpio y lleno de tradici\u00f3n, donde la gastronom\u00eda sonorense sigue siendo el coraz\u00f3n de Hermosillo.<\/p>\n<p>&nbsp;<\/p>\n<p>Por otra parte, Migdelina Castillo, Presidenta de la Uni\u00f3n de Locatarios del Mercado Municipal n\u00famero 1, mencion\u00f3 que en esta reapertura oficial, se dio con un promedio de 25 locales de los 70 y confi\u00f3 que en los pr\u00f3ximos d\u00edas, el sitio opere al 100 por ciento en su horario habitual desde las 5 de la ma\u00f1ana.<\/p>\n<p>&nbsp;<\/p>\n<p>\u201cAl Mercado Municipal recurre mucha gente no solo de la ciudad sino turistas, de los pueblos y ofrecemos a la gente los platillos regionales como caldos, cocidos, gallina pinta, pozoles, taquitos de cabeza, barbacoa, chicharr\u00f3n y la carne fresca que todos los d\u00edas traen para que el p\u00fablico pueda hacer sus comidas en sus casas\u201d, cont\u00f3.<\/p>\n<p>&nbsp;<\/p>\n","protected":false},"excerpt":{"rendered":"<p>Tras permanecer cerrado por casi dos a\u00f1os, este viernes 12 de septiembre el Mercado Municipal de Hermosillo volvi\u00f3 a abrir sus puertas totalmente renovado. &nbsp; La jefa de la Oficina del Ejecutivo del Gobierno de Sonora, Paulina Oca\u00f1a Encinas, inform\u00f3 que en la obra se invirtieron 120 millones de pesos para sustituir 314 vigas, reforzar [&hellip;]<\/p>\n","protected":false},"author":2,"featured_media":229362,"comment_status":"closed","ping_status":"closed","sticky":false,"template":"","format":"standard","meta":{"footnotes":""},"categories":[12870,178],"tags":[12865,12869],"class_list":["post-229361","post","type-post","status-publish","format-standard","has-post-thumbnail","hentry","category-destacadas","category-local","tag-destacadas","tag-local"],"jetpack_featured_media_url":"https:\/\/rnoticias.com.mx\/Portal\/wp-content\/uploads\/2025\/09\/492293445_1229540978530644_1839130907540614505_n.jpg","amp_enabled":true,"_links":{"self":[{"href":"https:\/\/rnoticias.com.mx\/Portal\/wp-json\/wp\/v2\/posts\/229361","targetHints":{"allow":["GET"]}}],"collection":[{"href":"https:\/\/rnoticias.com.mx\/Portal\/wp-json\/wp\/v2\/posts"}],"about":[{"href":"https:\/\/rnoticias.com.mx\/Portal\/wp-json\/wp\/v2\/types\/post"}],"author":[{"embeddable":true,"href":"https:\/\/rnoticias.com.mx\/Portal\/wp-json\/wp\/v2\/users\/2"}],"replies":[{"embeddable":true,"href":"https:\/\/rnoticias.com.mx\/Portal\/wp-json\/wp\/v2\/comments?post=229361"}],"version-history":[{"count":1,"href":"https:\/\/rnoticias.com.mx\/Portal\/wp-json\/wp\/v2\/posts\/229361\/revisions"}],"predecessor-version":[{"id":229363,"href":"https:\/\/rnoticias.com.mx\/Portal\/wp-json\/wp\/v2\/posts\/229361\/revisions\/229363"}],"wp:featuredmedia":[{"embeddable":true,"href":"https:\/\/rnoticias.com.mx\/Portal\/wp-json\/wp\/v2\/media\/229362"}],"wp:attachment":[{"href":"https:\/\/rnoticias.com.mx\/Portal\/wp-json\/wp\/v2\/media?parent=229361"}],"wp:term":[{"taxonomy":"category","embeddable":true,"href":"https:\/\/rnoticias.com.mx\/Portal\/wp-json\/wp\/v2\/categories?post=229361"},{"taxonomy":"post_tag","embeddable":true,"href":"https:\/\/rnoticias.com.mx\/Portal\/wp-json\/wp\/v2\/tags?post=229361"}],"curies":[{"name":"wp","href":"https:\/\/api.w.org\/{rel}","templated":true}]}}