{"id":229352,"date":"2025-09-12T16:57:22","date_gmt":"2025-09-12T23:57:22","guid":{"rendered":"https:\/\/rnoticias.com.mx\/Portal\/?p=229352"},"modified":"2025-09-12T16:57:22","modified_gmt":"2025-09-12T23:57:22","slug":"israel-califica-de-circo-politico-a-la-onu-tras-respaldo-a-palestina","status":"publish","type":"post","link":"https:\/\/rnoticias.com.mx\/Portal\/2025\/09\/12\/israel-califica-de-circo-politico-a-la-onu-tras-respaldo-a-palestina\/","title":{"rendered":"Israel califica de &#8216;circo pol\u00edtico&#8217; a la ONU tras respaldo a Palestina"},"content":{"rendered":"<p>Tras aprobar con 142 votos a favor una declaraci\u00f3n que respalda la \u201csoluci\u00f3n de los dos Estados, Israel y Palestina\u201d, este viernes el\u00a0<strong>Ministro de Asuntos Exteriores de Israel<\/strong>\u00a0<mark>critic\u00f3 a la Asamblea General de la ONU, calific\u00e1ndola de \u201ccirco pol\u00edtico\u201d.<\/mark><\/p>\n<p>Seg\u00fan el Estado de Israel, esta declaraci\u00f3n \u2014que no tiene car\u00e1cter vinculante\u2014 solo servir\u00e1 para \u201cestimular\u201d a Ham\u00e1s, al que\u00a0<mark>responsabiliza como el \u201c\u00fanico\u201d motivo por el que la ofensiva israel\u00ed contin\u00faa, prolongando el conflicto<\/mark>\u00a0iniciado en octubre de 2023.<\/p>\n<p>Israel, Estados Unidos y pa\u00edses aliados como Hungr\u00eda, Argentina o Paraguay se opusieron este viernes a una declaraci\u00f3n que ha cosechado diez votos en contra, doce abstenciones y 142 &#8220;s\u00edes&#8221;, entre ellos potencias como Reino Unido, Francia, Canad\u00e1 o Australia, que en los \u00faltimos meses han cambiado su posici\u00f3n tradicional y se\u00a0<mark>han declarado listos para reconocer el Estado de Palestina, lo que har\u00e1n durante la pr\u00f3xima Semana de Alto Nivel de la Asamblea General de la ONU, del 22 al 28 de este mes.\u00a0<\/mark><\/p>\n<p>&#8220;Israel rechaza totalmente la decisi\u00f3n de la Asamblea General de la ONU de esta tarde&#8221;, escribi\u00f3 el portavoz del Ministerio de Exteriores israel\u00ed, Oren Marmorstein, en un mensaje en X en el que agradece a los pa\u00edses que no han contribuido a esta &#8220;vergonzosa&#8221; decisi\u00f3n, no vinculante, del principal \u00f3rgano de las Naciones Unidas.<\/p>\n<p>Marmorstein a\u00f1adi\u00f3 que, &#8220;una vez m\u00e1s&#8221;, ha quedado patente &#8220;hasta qu\u00e9 punto&#8221;<mark>\u00a0la Asamblea General de las Naciones Unidas es un &#8220;circo pol\u00edtico despegado de la realidad&#8221;.\u00a0<\/mark><\/p>\n<p>Y es que, seg\u00fan defendi\u00f3, en la gran cantidad de cl\u00e1usulas que acompa\u00f1an la declaraci\u00f3n no hay una &#8220;sola menci\u00f3n&#8221; al grupo islamista palestino Ham\u00e1s.<\/p>\n<p>&#8220;No hay ninguna referencia al simple hecho de que Ham\u00e1s es el \u00fanico responsable de la continuaci\u00f3n de la guerra, al negarse a devolver a los rehenes y a desarmarse&#8221;, agreg\u00f3 el portavoz israel\u00ed de Exteriores, quien expres\u00f3 que la resoluci\u00f3n aprobada este viernes<mark>\u00a0no promueve una soluci\u00f3n de paz, sino lo contrario, porque &#8220;anima&#8221; a Ham\u00e1s a continuar la guerra.\u00a0<\/mark><\/p>\n<p>La votaci\u00f3n en la\u00a0<strong>Asamblea General de la ONU\u00a0<\/strong>volvi\u00f3 a mostrar las discrepancias que la cuesti\u00f3n de los dos estados despierta dentro de la Uni\u00f3n Europea, ya que Hungr\u00eda vot\u00f3 en contra y entre los abstencionistas estuvo la Rep\u00fablica Checa.<\/p>\n<p>Otros aliados tradicionales de Israel, como Alemania o Pa\u00edses Bajos, votaron en esta ocasi\u00f3n a favor.\u00a0<mark>Las votaciones de la Asamblea General no tienen car\u00e1cter vinculante, por lo que su significado es meramente simb\u00f3lico<\/mark>, pero sirven para medir el apoyo a ciertas causas; en concreto, el apoyo a un Estado palestino es cada vez mayoritario entre los estados miembros y Estados Unidos apenas logra sumar un pu\u00f1ado de pa\u00edses a su postura radicalmente contraria.<\/p>\n<p>La declaraci\u00f3n hoy votada, conocida como &#8216;Declaraci\u00f3n de Nueva York para el arreglo pac\u00edfico de la cuesti\u00f3n de Palestina y la\u00a0<strong>implementaci\u00f3n de la soluci\u00f3n de los dos Estados<\/strong>&#8216;, fue aprobada en una conferencia de alto nivel organizada por Francia y Arabia Saud\u00ed el pasado 29 de julio, y tendr\u00e1 continuidad el 22 de septiembre, convirti\u00e9ndose en uno de los momentos m\u00e1s esperados de la Semana de Alto Nivel.<\/p>\n","protected":false},"excerpt":{"rendered":"<p>Tras aprobar con 142 votos a favor una declaraci\u00f3n que respalda la \u201csoluci\u00f3n de los dos Estados, Israel y Palestina\u201d, este viernes el\u00a0Ministro de Asuntos Exteriores de Israel\u00a0critic\u00f3 a la Asamblea General de la ONU, calific\u00e1ndola de \u201ccirco pol\u00edtico\u201d. Seg\u00fan el Estado de Israel, esta declaraci\u00f3n \u2014que no tiene car\u00e1cter vinculante\u2014 solo servir\u00e1 para \u201cestimular\u201d [&hellip;]<\/p>\n","protected":false},"author":2,"featured_media":229353,"comment_status":"closed","ping_status":"closed","sticky":false,"template":"","format":"standard","meta":{"footnotes":""},"categories":[12870,182],"tags":[12865,12871],"class_list":["post-229352","post","type-post","status-publish","format-standard","has-post-thumbnail","hentry","category-destacadas","category-internacional","tag-destacadas","tag-internacional"],"jetpack_featured_media_url":"https:\/\/rnoticias.com.mx\/Portal\/wp-content\/uploads\/2025\/09\/benjamin-netanyahu_afpjpg.webp","amp_enabled":true,"_links":{"self":[{"href":"https:\/\/rnoticias.com.mx\/Portal\/wp-json\/wp\/v2\/posts\/229352","targetHints":{"allow":["GET"]}}],"collection":[{"href":"https:\/\/rnoticias.com.mx\/Portal\/wp-json\/wp\/v2\/posts"}],"about":[{"href":"https:\/\/rnoticias.com.mx\/Portal\/wp-json\/wp\/v2\/types\/post"}],"author":[{"embeddable":true,"href":"https:\/\/rnoticias.com.mx\/Portal\/wp-json\/wp\/v2\/users\/2"}],"replies":[{"embeddable":true,"href":"https:\/\/rnoticias.com.mx\/Portal\/wp-json\/wp\/v2\/comments?post=229352"}],"version-history":[{"count":1,"href":"https:\/\/rnoticias.com.mx\/Portal\/wp-json\/wp\/v2\/posts\/229352\/revisions"}],"predecessor-version":[{"id":229354,"href":"https:\/\/rnoticias.com.mx\/Portal\/wp-json\/wp\/v2\/posts\/229352\/revisions\/229354"}],"wp:featuredmedia":[{"embeddable":true,"href":"https:\/\/rnoticias.com.mx\/Portal\/wp-json\/wp\/v2\/media\/229353"}],"wp:attachment":[{"href":"https:\/\/rnoticias.com.mx\/Portal\/wp-json\/wp\/v2\/media?parent=229352"}],"wp:term":[{"taxonomy":"category","embeddable":true,"href":"https:\/\/rnoticias.com.mx\/Portal\/wp-json\/wp\/v2\/categories?post=229352"},{"taxonomy":"post_tag","embeddable":true,"href":"https:\/\/rnoticias.com.mx\/Portal\/wp-json\/wp\/v2\/tags?post=229352"}],"curies":[{"name":"wp","href":"https:\/\/api.w.org\/{rel}","templated":true}]}}