{"id":229346,"date":"2025-09-12T16:34:58","date_gmt":"2025-09-12T23:34:58","guid":{"rendered":"https:\/\/rnoticias.com.mx\/Portal\/?p=229346"},"modified":"2025-09-12T16:34:58","modified_gmt":"2025-09-12T23:34:58","slug":"gobernador-durazo-avanza-en-acciones-de-rescate-del-bosque-urbano-la-sauceda-con-remodelacion-y-reforestacion","status":"publish","type":"post","link":"https:\/\/rnoticias.com.mx\/Portal\/2025\/09\/12\/gobernador-durazo-avanza-en-acciones-de-rescate-del-bosque-urbano-la-sauceda-con-remodelacion-y-reforestacion\/","title":{"rendered":"Gobernador Durazo avanza en acciones de rescate del Bosque Urbano La Sauceda con remodelaci\u00f3n y reforestaci\u00f3n"},"content":{"rendered":"<p align=\"left\">Hermosillo, Sonora; 12 de septiembre de 2025.- El rescate y restauraci\u00f3n del Bosque Urbano La Sauceda es una realidad en Sonora, con la reapertura de este parque recreativo que se llev\u00f3 a cabo en marzo de 2025 por parte del gobernador Alfonso Durazo con la finalidad de brindar a las familias sonorenses un espacio de recreaci\u00f3n, convivencia y protecci\u00f3n ambiental.<\/p>\n<p align=\"left\">Este emblem\u00e1tico sitio ha pasado de 40 a 120 hect\u00e1reas, consolid\u00e1ndose como uno de los patrimonios ambientales m\u00e1s importantes en la historia de Sonora. El mandatario estatal asegur\u00f3 que este rescate representa un cambio en la visi\u00f3n del desarrollo urbano, priorizando la sustentabilidad y el cuidado del medio ambiente. Para garantizar su conservaci\u00f3n a largo plazo, el Bosque Urbano La Sauceda ha sido declarada \u00c1rea Natural Protegida, asegurando que su riqueza ambiental se preserve en beneficio de toda la comunidad y evitando que intereses particulares afecten su futuro.<\/p>\n<p align=\"left\">\u201cHoy, es un espacio digno, seguro y gratuito para todas las familias, en donde miles disfrutan de m\u00fasica, arte y cultura\u201d, expres\u00f3 Durazo Monta\u00f1o.<\/p>\n<p align=\"left\">\n<p align=\"left\">La rehabilitaci\u00f3n de este espacio ha permitido la modernizaci\u00f3n de diversas \u00e1reas para la cultura, el deporte y la convivencia familiar. Entre las principales mejoras, en su primera etapa, destacan: Foro al Aire Libre, Kiosco Central, Mega Juego, \u00c1rea de Palapas, Kioscos y Zona de Comida, el Humedal, Andador Principal y Zona de Food Trucks.<\/p>\n<p align=\"left\">\n<p align=\"left\">Actualmente se lleva a cabo la segunda etapa de rehabilitaci\u00f3n de La Sauceda que contempla la intervenci\u00f3n de dos pol\u00edgonos donde se trabaja en la restauraci\u00f3n del \u00e1rea para convertirla en un verdadero bosque urbano, con la plantaci\u00f3n de 4 mil 174 \u00e1rboles de especies nativas.<\/p>\n","protected":false},"excerpt":{"rendered":"<p>Hermosillo, Sonora; 12 de septiembre de 2025.- El rescate y restauraci\u00f3n del Bosque Urbano La Sauceda es una realidad en Sonora, con la reapertura de este parque recreativo que se llev\u00f3 a cabo en marzo de 2025 por parte del gobernador Alfonso Durazo con la finalidad de brindar a las familias sonorenses un espacio de [&hellip;]<\/p>\n","protected":false},"author":2,"featured_media":229347,"comment_status":"closed","ping_status":"closed","sticky":false,"template":"","format":"standard","meta":{"footnotes":""},"categories":[12870,178],"tags":[12865,12869],"class_list":["post-229346","post","type-post","status-publish","format-standard","has-post-thumbnail","hentry","category-destacadas","category-local","tag-destacadas","tag-local"],"jetpack_featured_media_url":"https:\/\/rnoticias.com.mx\/Portal\/wp-content\/uploads\/2025\/09\/unnamed-37.jpg","amp_enabled":true,"_links":{"self":[{"href":"https:\/\/rnoticias.com.mx\/Portal\/wp-json\/wp\/v2\/posts\/229346","targetHints":{"allow":["GET"]}}],"collection":[{"href":"https:\/\/rnoticias.com.mx\/Portal\/wp-json\/wp\/v2\/posts"}],"about":[{"href":"https:\/\/rnoticias.com.mx\/Portal\/wp-json\/wp\/v2\/types\/post"}],"author":[{"embeddable":true,"href":"https:\/\/rnoticias.com.mx\/Portal\/wp-json\/wp\/v2\/users\/2"}],"replies":[{"embeddable":true,"href":"https:\/\/rnoticias.com.mx\/Portal\/wp-json\/wp\/v2\/comments?post=229346"}],"version-history":[{"count":1,"href":"https:\/\/rnoticias.com.mx\/Portal\/wp-json\/wp\/v2\/posts\/229346\/revisions"}],"predecessor-version":[{"id":229348,"href":"https:\/\/rnoticias.com.mx\/Portal\/wp-json\/wp\/v2\/posts\/229346\/revisions\/229348"}],"wp:featuredmedia":[{"embeddable":true,"href":"https:\/\/rnoticias.com.mx\/Portal\/wp-json\/wp\/v2\/media\/229347"}],"wp:attachment":[{"href":"https:\/\/rnoticias.com.mx\/Portal\/wp-json\/wp\/v2\/media?parent=229346"}],"wp:term":[{"taxonomy":"category","embeddable":true,"href":"https:\/\/rnoticias.com.mx\/Portal\/wp-json\/wp\/v2\/categories?post=229346"},{"taxonomy":"post_tag","embeddable":true,"href":"https:\/\/rnoticias.com.mx\/Portal\/wp-json\/wp\/v2\/tags?post=229346"}],"curies":[{"name":"wp","href":"https:\/\/api.w.org\/{rel}","templated":true}]}}