{"id":229340,"date":"2025-09-12T15:52:23","date_gmt":"2025-09-12T22:52:23","guid":{"rendered":"https:\/\/rnoticias.com.mx\/Portal\/?p=229340"},"modified":"2025-09-12T15:52:23","modified_gmt":"2025-09-12T22:52:23","slug":"servicios-publicos-garantizara-la-recoleccion-de-basura-durante-las-fiestas-patrias","status":"publish","type":"post","link":"https:\/\/rnoticias.com.mx\/Portal\/2025\/09\/12\/servicios-publicos-garantizara-la-recoleccion-de-basura-durante-las-fiestas-patrias\/","title":{"rendered":"Servicios P\u00fablicos garantizar\u00e1 la recolecci\u00f3n de basura durante las Fiestas Patrias"},"content":{"rendered":"<p>Hermosillo, Sonora; 12 de septiembre, 2025.- El Ayuntamiento de Hermosillo, a trav\u00e9s de la Direcci\u00f3n de Servicios P\u00fablicos Municipales, informa que los d\u00edas 15 y 16 de septiembre, en el marco de las celebraciones patrias, s\u00ed se llevar\u00e1 a cabo el servicio de recolecci\u00f3n de basura con total normalidad en las diferentes colonias de la ciudad.<\/p>\n<p>Con esta acci\u00f3n, el Gobierno Municipal refrenda su compromiso de mantener una ciudad limpia y ordenada durante las festividades, al garantizar que las familias hermosillenses puedan disfrutar de los festejos libres de acumulaci\u00f3n de desechos.<\/p>\n<p>La Direcci\u00f3n de Servicios P\u00fablicos llam\u00f3 a la ciudadan\u00eda que vive en los sectores donde les toca la recolecci\u00f3n los d\u00edas lunes y martes a sacar los desechos como es costumbre.<\/p>\n<p>El Ayuntamiento reconoce la labor del personal de la dependencia que, aun en d\u00edas festivos, mantiene el compromiso de servir a la comunidad y trabajar por un Hermosillo m\u00e1s limpio.<\/p>\n","protected":false},"excerpt":{"rendered":"<p>Hermosillo, Sonora; 12 de septiembre, 2025.- El Ayuntamiento de Hermosillo, a trav\u00e9s de la Direcci\u00f3n de Servicios P\u00fablicos Municipales, informa que los d\u00edas 15 y 16 de septiembre, en el marco de las celebraciones patrias, s\u00ed se llevar\u00e1 a cabo el servicio de recolecci\u00f3n de basura con total normalidad en las diferentes colonias de la [&hellip;]<\/p>\n","protected":false},"author":2,"featured_media":229341,"comment_status":"closed","ping_status":"closed","sticky":false,"template":"","format":"standard","meta":{"footnotes":""},"categories":[12870,178],"tags":[12865,12869],"class_list":["post-229340","post","type-post","status-publish","format-standard","has-post-thumbnail","hentry","category-destacadas","category-local","tag-destacadas","tag-local"],"jetpack_featured_media_url":"https:\/\/rnoticias.com.mx\/Portal\/wp-content\/uploads\/2025\/09\/recolector.jpg","amp_enabled":true,"_links":{"self":[{"href":"https:\/\/rnoticias.com.mx\/Portal\/wp-json\/wp\/v2\/posts\/229340","targetHints":{"allow":["GET"]}}],"collection":[{"href":"https:\/\/rnoticias.com.mx\/Portal\/wp-json\/wp\/v2\/posts"}],"about":[{"href":"https:\/\/rnoticias.com.mx\/Portal\/wp-json\/wp\/v2\/types\/post"}],"author":[{"embeddable":true,"href":"https:\/\/rnoticias.com.mx\/Portal\/wp-json\/wp\/v2\/users\/2"}],"replies":[{"embeddable":true,"href":"https:\/\/rnoticias.com.mx\/Portal\/wp-json\/wp\/v2\/comments?post=229340"}],"version-history":[{"count":1,"href":"https:\/\/rnoticias.com.mx\/Portal\/wp-json\/wp\/v2\/posts\/229340\/revisions"}],"predecessor-version":[{"id":229342,"href":"https:\/\/rnoticias.com.mx\/Portal\/wp-json\/wp\/v2\/posts\/229340\/revisions\/229342"}],"wp:featuredmedia":[{"embeddable":true,"href":"https:\/\/rnoticias.com.mx\/Portal\/wp-json\/wp\/v2\/media\/229341"}],"wp:attachment":[{"href":"https:\/\/rnoticias.com.mx\/Portal\/wp-json\/wp\/v2\/media?parent=229340"}],"wp:term":[{"taxonomy":"category","embeddable":true,"href":"https:\/\/rnoticias.com.mx\/Portal\/wp-json\/wp\/v2\/categories?post=229340"},{"taxonomy":"post_tag","embeddable":true,"href":"https:\/\/rnoticias.com.mx\/Portal\/wp-json\/wp\/v2\/tags?post=229340"}],"curies":[{"name":"wp","href":"https:\/\/api.w.org\/{rel}","templated":true}]}}