{"id":229328,"date":"2025-09-12T12:25:15","date_gmt":"2025-09-12T19:25:15","guid":{"rendered":"https:\/\/rnoticias.com.mx\/Portal\/?p=229328"},"modified":"2025-09-12T12:25:15","modified_gmt":"2025-09-12T19:25:15","slug":"comercios-locales-esperan-incremento-del-10-en-ventas-durante-fiestas-patrias-canacope-hermosillo","status":"publish","type":"post","link":"https:\/\/rnoticias.com.mx\/Portal\/2025\/09\/12\/comercios-locales-esperan-incremento-del-10-en-ventas-durante-fiestas-patrias-canacope-hermosillo\/","title":{"rendered":"Comercios locales esperan incremento del 10% en ventas durante fiestas patrias: Canacope Hermosillo"},"content":{"rendered":"<p>Hermosillo, Sonora, a 12 de septiembre de 2025. Con la llegada de las festividades patrias, la C\u00e1mara Nacional de Comercio en Peque\u00f1o (Canacope) Hermosillo proyecta un aumento del 10% en las ventas, en comparaci\u00f3n con el mismo periodo del a\u00f1o anterior.<\/p>\n<p>Mart\u00edn Zalazar Zazueta, presidente del organismo, se\u00f1al\u00f3 que estas fechas representan una oportunidad importante para el sector comercial, especialmente para negocios dedicados a la venta de alimentos, bebidas, art\u00edculos decorativos y productos tradicionales mexicanos.<\/p>\n<p>&#8220;Invitamos a la gente a participar activamente en estas festividades patrias, apoyando al comercio local, consumiendo productos nacionales y disfrutando de los eventos alusivos a estas fechas. Es importante fomentar el consumo interno para fortalecer la econom\u00eda de la regi\u00f3n\u201d, expres\u00f3.<\/p>\n<p>Resalt\u00f3, que los comerciantes tienen expectativas positivas debido al comportamiento de consumo observado en los \u00faltimos meses y al ambiente festivo que suele motivar el gasto en productos t\u00edpicos.<\/p>\n<p>Adem\u00e1s, se espera que actividades culturales, ferias y celebraciones p\u00fablicas impulsen el flujo de visitantes a zonas comerciales, generando un impacto favorable en diferentes giros del sector.<\/p>\n","protected":false},"excerpt":{"rendered":"<p>Hermosillo, Sonora, a 12 de septiembre de 2025. Con la llegada de las festividades patrias, la C\u00e1mara Nacional de Comercio en Peque\u00f1o (Canacope) Hermosillo proyecta un aumento del 10% en las ventas, en comparaci\u00f3n con el mismo periodo del a\u00f1o anterior. Mart\u00edn Zalazar Zazueta, presidente del organismo, se\u00f1al\u00f3 que estas fechas representan una oportunidad importante [&hellip;]<\/p>\n","protected":false},"author":2,"featured_media":229329,"comment_status":"closed","ping_status":"closed","sticky":false,"template":"","format":"standard","meta":{"footnotes":""},"categories":[12870,178],"tags":[12865,12869],"class_list":["post-229328","post","type-post","status-publish","format-standard","has-post-thumbnail","hentry","category-destacadas","category-local","tag-destacadas","tag-local"],"jetpack_featured_media_url":"https:\/\/rnoticias.com.mx\/Portal\/wp-content\/uploads\/2025\/09\/1f7a9444-d253-462a-b223-b4c0557b69a2.jpeg","amp_enabled":true,"_links":{"self":[{"href":"https:\/\/rnoticias.com.mx\/Portal\/wp-json\/wp\/v2\/posts\/229328","targetHints":{"allow":["GET"]}}],"collection":[{"href":"https:\/\/rnoticias.com.mx\/Portal\/wp-json\/wp\/v2\/posts"}],"about":[{"href":"https:\/\/rnoticias.com.mx\/Portal\/wp-json\/wp\/v2\/types\/post"}],"author":[{"embeddable":true,"href":"https:\/\/rnoticias.com.mx\/Portal\/wp-json\/wp\/v2\/users\/2"}],"replies":[{"embeddable":true,"href":"https:\/\/rnoticias.com.mx\/Portal\/wp-json\/wp\/v2\/comments?post=229328"}],"version-history":[{"count":1,"href":"https:\/\/rnoticias.com.mx\/Portal\/wp-json\/wp\/v2\/posts\/229328\/revisions"}],"predecessor-version":[{"id":229330,"href":"https:\/\/rnoticias.com.mx\/Portal\/wp-json\/wp\/v2\/posts\/229328\/revisions\/229330"}],"wp:featuredmedia":[{"embeddable":true,"href":"https:\/\/rnoticias.com.mx\/Portal\/wp-json\/wp\/v2\/media\/229329"}],"wp:attachment":[{"href":"https:\/\/rnoticias.com.mx\/Portal\/wp-json\/wp\/v2\/media?parent=229328"}],"wp:term":[{"taxonomy":"category","embeddable":true,"href":"https:\/\/rnoticias.com.mx\/Portal\/wp-json\/wp\/v2\/categories?post=229328"},{"taxonomy":"post_tag","embeddable":true,"href":"https:\/\/rnoticias.com.mx\/Portal\/wp-json\/wp\/v2\/tags?post=229328"}],"curies":[{"name":"wp","href":"https:\/\/api.w.org\/{rel}","templated":true}]}}