{"id":229322,"date":"2025-09-12T12:20:00","date_gmt":"2025-09-12T19:20:00","guid":{"rendered":"https:\/\/rnoticias.com.mx\/Portal\/?p=229322"},"modified":"2025-09-12T12:20:00","modified_gmt":"2025-09-12T19:20:00","slug":"gobierno-de-sonora-impulsa-la-primera-generacion-del-tecnm-virtual-itescan","status":"publish","type":"post","link":"https:\/\/rnoticias.com.mx\/Portal\/2025\/09\/12\/gobierno-de-sonora-impulsa-la-primera-generacion-del-tecnm-virtual-itescan\/","title":{"rendered":"\ufeffGobierno de Sonora impulsa la primera generaci\u00f3n del TecNM Virtual: Itescan"},"content":{"rendered":"<p align=\"left\">Cananea, Sonora; 12 de septiembre de 2025.- El Gobierno de Sonora, a trav\u00e9s del Instituto Tecnol\u00f3gico Superior de Cananea (Itescan), forma parte del esfuerzo de la presidente Claudia Sheinbaum para ampliar la oferta de educaci\u00f3n superior en M\u00e9xico al participar en la primera generaci\u00f3n del TecNM Virtual.<\/p>\n<p align=\"left\">La estrategia, implementada por el Tecnol\u00f3gico Nacional de M\u00e9xico (TecNM), est\u00e1 conformada por m\u00e1s de mil docentes y 18 institutos tecnol\u00f3gicos del pa\u00eds, con el prop\u00f3sito de expandir el acceso a la educaci\u00f3n superior y fortalecer la formaci\u00f3n profesional en todas las entidades.<\/p>\n<p align=\"left\">La directora general de Itescan, Nancy Mar\u00eda D\u00e1vila Rodr\u00edguez, detall\u00f3 que la instituci\u00f3n participa con una matr\u00edcula de 210 alumnos que hacen uso de la nueva plataforma educativa virtual y un docente en el programa educativo de Ingenier\u00eda Industrial.<\/p>\n<p align=\"left\">Destac\u00f3 el respaldo del gobernador Alfonso Durazo a las pol\u00edticas p\u00fablicas impulsadas por el Gobierno de M\u00e9xico para garantizar que m\u00e1s j\u00f3venes accedan a estudios universitarios.<\/p>\n<p align=\"left\">En esta nueva modalidad tambi\u00e9n participa el Instituto Tecnol\u00f3gico Superior de Cajeme (Itesca) con 13 estudiantes de Ingenier\u00eda en Gesti\u00f3n Empresarial (IGE) y ocho alumnos de Ingenier\u00eda en Sistemas Computacionales (ISC).<\/p>\n<p align=\"left\">El TecNM Virtual cuenta con un dise\u00f1o interactivo y acompa\u00f1amiento acad\u00e9mico, lo que facilita el seguimiento del desempe\u00f1o de estudiantes y docentes.<\/p>\n","protected":false},"excerpt":{"rendered":"<p>Cananea, Sonora; 12 de septiembre de 2025.- El Gobierno de Sonora, a trav\u00e9s del Instituto Tecnol\u00f3gico Superior de Cananea (Itescan), forma parte del esfuerzo de la presidente Claudia Sheinbaum para ampliar la oferta de educaci\u00f3n superior en M\u00e9xico al participar en la primera generaci\u00f3n del TecNM Virtual. La estrategia, implementada por el Tecnol\u00f3gico Nacional de [&hellip;]<\/p>\n","protected":false},"author":2,"featured_media":229323,"comment_status":"closed","ping_status":"closed","sticky":false,"template":"","format":"standard","meta":{"footnotes":""},"categories":[12870,174],"tags":[12865,12873],"class_list":["post-229322","post","type-post","status-publish","format-standard","has-post-thumbnail","hentry","category-destacadas","category-estatal","tag-destacadas","tag-estatal"],"jetpack_featured_media_url":"https:\/\/rnoticias.com.mx\/Portal\/wp-content\/uploads\/2025\/09\/9238.jpg","amp_enabled":true,"_links":{"self":[{"href":"https:\/\/rnoticias.com.mx\/Portal\/wp-json\/wp\/v2\/posts\/229322","targetHints":{"allow":["GET"]}}],"collection":[{"href":"https:\/\/rnoticias.com.mx\/Portal\/wp-json\/wp\/v2\/posts"}],"about":[{"href":"https:\/\/rnoticias.com.mx\/Portal\/wp-json\/wp\/v2\/types\/post"}],"author":[{"embeddable":true,"href":"https:\/\/rnoticias.com.mx\/Portal\/wp-json\/wp\/v2\/users\/2"}],"replies":[{"embeddable":true,"href":"https:\/\/rnoticias.com.mx\/Portal\/wp-json\/wp\/v2\/comments?post=229322"}],"version-history":[{"count":1,"href":"https:\/\/rnoticias.com.mx\/Portal\/wp-json\/wp\/v2\/posts\/229322\/revisions"}],"predecessor-version":[{"id":229324,"href":"https:\/\/rnoticias.com.mx\/Portal\/wp-json\/wp\/v2\/posts\/229322\/revisions\/229324"}],"wp:featuredmedia":[{"embeddable":true,"href":"https:\/\/rnoticias.com.mx\/Portal\/wp-json\/wp\/v2\/media\/229323"}],"wp:attachment":[{"href":"https:\/\/rnoticias.com.mx\/Portal\/wp-json\/wp\/v2\/media?parent=229322"}],"wp:term":[{"taxonomy":"category","embeddable":true,"href":"https:\/\/rnoticias.com.mx\/Portal\/wp-json\/wp\/v2\/categories?post=229322"},{"taxonomy":"post_tag","embeddable":true,"href":"https:\/\/rnoticias.com.mx\/Portal\/wp-json\/wp\/v2\/tags?post=229322"}],"curies":[{"name":"wp","href":"https:\/\/api.w.org\/{rel}","templated":true}]}}