{"id":229313,"date":"2025-09-12T09:26:01","date_gmt":"2025-09-12T16:26:01","guid":{"rendered":"https:\/\/rnoticias.com.mx\/Portal\/?p=229313"},"modified":"2025-09-12T09:26:01","modified_gmt":"2025-09-12T16:26:01","slug":"ocho-sonorenses-integraran-el-tricolor-en-el-campeonato-panamericano-sub-23-de-softbol","status":"publish","type":"post","link":"https:\/\/rnoticias.com.mx\/Portal\/2025\/09\/12\/ocho-sonorenses-integraran-el-tricolor-en-el-campeonato-panamericano-sub-23-de-softbol\/","title":{"rendered":"Ocho sonorenses integrar\u00e1n el Tricolor en el Campeonato Panamericano Sub 23 de Softbol"},"content":{"rendered":"<p>Hermosillo, Sonora, 12 de septiembre del 2025.- Un total de ocho sonorenses, siete de ellos jugadores, adem\u00e1s del m\u00e1nager, estar\u00e1n en la selecci\u00f3n mexicana de softbol Sub 23 para ver acci\u00f3n en el segundo Campeonato Panamericano Varonil de la categor\u00eda, a desarrollarse en La Pampa, Santa Rosa, Argentina, entre el 13 y 20 de septiembre.<\/p>\n<p>&nbsp;<\/p>\n<p>La lista de seleccionados de nuestra entidad la encabezan los lanzadores Carlos Parra Gonz\u00e1lez y Jos\u00e9 Manuel Contreras, quienes son considerados los mejores pitchers juveniles de la \u201cpelota blanda\u201d en el pa\u00eds, asimismo, se incluye a los jugadores de cuadro Manuel Alejandro Zepeda C\u00f3rdova, David Antonio D\u00edaz Miranda y Alejandro Garc\u00eda Fierro.<\/p>\n<p>El receptor Christian Alejandro del Valle Enr\u00edquez y el jardinero Miguel \u00c1ngel Leyva Espinoza, completan el n\u00famero de sonorenses en el equipo, tomando en cuenta que los siete cuentan con competencias internacionales en su trayectoria dentro de los diamantes.<\/p>\n<p>En la novena que dirigir\u00e1 el piloto sonorense Carlos Parra Trujillo, el cuerpo t\u00e9cnico lo forman Mario P\u00e9rez, Vicente Fr\u00edas e Iv\u00e1n Cervantes, en calidad de coaches; adem\u00e1s, Sonora es la entidad que m\u00e1s jugadores aportar\u00e1 (7), seguida de Baja California (4), Tamaulipas (2), Sinaloa (2) y Nuevo Le\u00f3n (1).<\/p>\n<p>En el torneo continental participar\u00e1n ocho selecciones: M\u00e9xico, Argentina, Canad\u00e1, Estados Unidos, Guatemala, Per\u00fa, Rep\u00fablica Dominicana y Venezuela, en busca de cuatro plazas hacia la Copa Mundial 2026 de la misma categor\u00eda y rama, que albergar\u00e1 Sincelejo, Colombia, del 25 de abril al 3 de mayo.<\/p>\n","protected":false},"excerpt":{"rendered":"<p>Hermosillo, Sonora, 12 de septiembre del 2025.- Un total de ocho sonorenses, siete de ellos jugadores, adem\u00e1s del m\u00e1nager, estar\u00e1n en la selecci\u00f3n mexicana de softbol Sub 23 para ver acci\u00f3n en el segundo Campeonato Panamericano Varonil de la categor\u00eda, a desarrollarse en La Pampa, Santa Rosa, Argentina, entre el 13 y 20 de septiembre. [&hellip;]<\/p>\n","protected":false},"author":2,"featured_media":229314,"comment_status":"closed","ping_status":"closed","sticky":false,"template":"","format":"standard","meta":{"footnotes":""},"categories":[188,12870],"tags":[5231,12865],"class_list":["post-229313","post","type-post","status-publish","format-standard","has-post-thumbnail","hentry","category-deportes","category-destacadas","tag-deportes","tag-destacadas"],"jetpack_featured_media_url":"https:\/\/rnoticias.com.mx\/Portal\/wp-content\/uploads\/2025\/09\/unnamed-35.jpg","amp_enabled":true,"_links":{"self":[{"href":"https:\/\/rnoticias.com.mx\/Portal\/wp-json\/wp\/v2\/posts\/229313","targetHints":{"allow":["GET"]}}],"collection":[{"href":"https:\/\/rnoticias.com.mx\/Portal\/wp-json\/wp\/v2\/posts"}],"about":[{"href":"https:\/\/rnoticias.com.mx\/Portal\/wp-json\/wp\/v2\/types\/post"}],"author":[{"embeddable":true,"href":"https:\/\/rnoticias.com.mx\/Portal\/wp-json\/wp\/v2\/users\/2"}],"replies":[{"embeddable":true,"href":"https:\/\/rnoticias.com.mx\/Portal\/wp-json\/wp\/v2\/comments?post=229313"}],"version-history":[{"count":1,"href":"https:\/\/rnoticias.com.mx\/Portal\/wp-json\/wp\/v2\/posts\/229313\/revisions"}],"predecessor-version":[{"id":229315,"href":"https:\/\/rnoticias.com.mx\/Portal\/wp-json\/wp\/v2\/posts\/229313\/revisions\/229315"}],"wp:featuredmedia":[{"embeddable":true,"href":"https:\/\/rnoticias.com.mx\/Portal\/wp-json\/wp\/v2\/media\/229314"}],"wp:attachment":[{"href":"https:\/\/rnoticias.com.mx\/Portal\/wp-json\/wp\/v2\/media?parent=229313"}],"wp:term":[{"taxonomy":"category","embeddable":true,"href":"https:\/\/rnoticias.com.mx\/Portal\/wp-json\/wp\/v2\/categories?post=229313"},{"taxonomy":"post_tag","embeddable":true,"href":"https:\/\/rnoticias.com.mx\/Portal\/wp-json\/wp\/v2\/tags?post=229313"}],"curies":[{"name":"wp","href":"https:\/\/api.w.org\/{rel}","templated":true}]}}