{"id":229306,"date":"2025-09-11T20:51:31","date_gmt":"2025-09-12T03:51:31","guid":{"rendered":"https:\/\/rnoticias.com.mx\/Portal\/?p=229306"},"modified":"2025-09-11T20:51:31","modified_gmt":"2025-09-12T03:51:31","slug":"manuel-espino-sufre-derrame-cerebral","status":"publish","type":"post","link":"https:\/\/rnoticias.com.mx\/Portal\/2025\/09\/11\/manuel-espino-sufre-derrame-cerebral\/","title":{"rendered":"Manuel Espino sufre derrame cerebral"},"content":{"rendered":"<p><mark><strong>El coordinador de Morena en la C\u00e1mara de Diputados, Ricardo Monreal, inform\u00f3 que su compa\u00f1ero de bancada Manuel Espino se encuentra en terapia intensiva debido a un derrame cerebral que sufri\u00f3 ayer.<\/strong><\/mark><\/p>\n<p>\u201cDesde ayer en la noche, tengo comunicaci\u00f3n con sus familiares y con las personas que est\u00e1n cercanas a \u00e9l. Ayer tuvo un derrame en el cerebro y lo intervinieron hacia las 9, 10 de la noche, est\u00e1 en terapia intensiva\u201d, detall\u00f3.<\/p>\n<p><mark>As\u00ed, Monreal \u00c1vila confirm\u00f3 el estado de salud del diputado Manuel Espino, ya que en redes sociales hab\u00edan circulado mensajes alusivos, pero sin confirmaci\u00f3n oficial.<\/mark><\/p>\n<p>\u201cS\u00ed, en efecto, para que se eviten especulaci\u00f3n, formalmente, s\u00ed tuvo un problema de salud el senador (sic) Manuel Espino, lo intervinieron ayer, en la madrugada de hoy, y deseamos su recuperaci\u00f3n, su salud y estamos muy solidarios con su familia y con sus seres queridos, deseamos y le pedimos al creador le d\u00e9 su salud\u201d, dijo.<\/p>\n","protected":false},"excerpt":{"rendered":"<p>El coordinador de Morena en la C\u00e1mara de Diputados, Ricardo Monreal, inform\u00f3 que su compa\u00f1ero de bancada Manuel Espino se encuentra en terapia intensiva debido a un derrame cerebral que sufri\u00f3 ayer. \u201cDesde ayer en la noche, tengo comunicaci\u00f3n con sus familiares y con las personas que est\u00e1n cercanas a \u00e9l. Ayer tuvo un derrame [&hellip;]<\/p>\n","protected":false},"author":2,"featured_media":229307,"comment_status":"closed","ping_status":"closed","sticky":false,"template":"","format":"standard","meta":{"footnotes":""},"categories":[12870,12868],"tags":[12865,12879],"class_list":["post-229306","post","type-post","status-publish","format-standard","has-post-thumbnail","hentry","category-destacadas","category-politica","tag-destacadas","tag-politica"],"jetpack_featured_media_url":"https:\/\/rnoticias.com.mx\/Portal\/wp-content\/uploads\/2025\/09\/Manuel-Espino-1024x680-1.webp","amp_enabled":true,"_links":{"self":[{"href":"https:\/\/rnoticias.com.mx\/Portal\/wp-json\/wp\/v2\/posts\/229306","targetHints":{"allow":["GET"]}}],"collection":[{"href":"https:\/\/rnoticias.com.mx\/Portal\/wp-json\/wp\/v2\/posts"}],"about":[{"href":"https:\/\/rnoticias.com.mx\/Portal\/wp-json\/wp\/v2\/types\/post"}],"author":[{"embeddable":true,"href":"https:\/\/rnoticias.com.mx\/Portal\/wp-json\/wp\/v2\/users\/2"}],"replies":[{"embeddable":true,"href":"https:\/\/rnoticias.com.mx\/Portal\/wp-json\/wp\/v2\/comments?post=229306"}],"version-history":[{"count":1,"href":"https:\/\/rnoticias.com.mx\/Portal\/wp-json\/wp\/v2\/posts\/229306\/revisions"}],"predecessor-version":[{"id":229308,"href":"https:\/\/rnoticias.com.mx\/Portal\/wp-json\/wp\/v2\/posts\/229306\/revisions\/229308"}],"wp:featuredmedia":[{"embeddable":true,"href":"https:\/\/rnoticias.com.mx\/Portal\/wp-json\/wp\/v2\/media\/229307"}],"wp:attachment":[{"href":"https:\/\/rnoticias.com.mx\/Portal\/wp-json\/wp\/v2\/media?parent=229306"}],"wp:term":[{"taxonomy":"category","embeddable":true,"href":"https:\/\/rnoticias.com.mx\/Portal\/wp-json\/wp\/v2\/categories?post=229306"},{"taxonomy":"post_tag","embeddable":true,"href":"https:\/\/rnoticias.com.mx\/Portal\/wp-json\/wp\/v2\/tags?post=229306"}],"curies":[{"name":"wp","href":"https:\/\/api.w.org\/{rel}","templated":true}]}}