{"id":229288,"date":"2025-09-11T19:44:19","date_gmt":"2025-09-12T02:44:19","guid":{"rendered":"https:\/\/rnoticias.com.mx\/Portal\/?p=229288"},"modified":"2025-09-11T19:44:19","modified_gmt":"2025-09-12T02:44:19","slug":"recuerdan-y-honran-legado-del-astronomo-antonio-sanchez-ibarra","status":"publish","type":"post","link":"https:\/\/rnoticias.com.mx\/Portal\/2025\/09\/11\/recuerdan-y-honran-legado-del-astronomo-antonio-sanchez-ibarra\/","title":{"rendered":"Recuerdan y honran legado del astr\u00f3nomo Antonio S\u00e1nchez Ibarra"},"content":{"rendered":"<p>El 13 de septiembre se cumplen 16 a\u00f1os de la partida del astr\u00f3nomo Antonio S\u00e1nchez Ibarra, cient\u00edfico autodidacta, divulgador, observador del sol e impulsor de la infraestructura astron\u00f3mica en todo Sonora.<\/p>\n<p>Ante la cercan\u00eda del aniversario luctuoso de quien fuera el astr\u00f3nomo de la Universidad de Sonora, la comunidad astron\u00f3mica lo recuerda; tal es el caso del astrof\u00edsico Alfredo Manr\u00edquez Rangel, quien fue su alumno y egres\u00f3 de esta casa de estudios, de la licenciatura en F\u00edsica, en el a\u00f1o 2007.<\/p>\n<p>\u201cAntonio representa una figura, una instituci\u00f3n para la astronom\u00eda en M\u00e9xico y para la ciencia, gan\u00f3 el Premio Nacional de Divulgaci\u00f3n de la Ciencia en el 2000, pero \u00e9l, particularmente para Sonora, es un emblema para todas los que nos dedicamos a la astronom\u00eda. Antonio estuvo dedicado buena parte de su vida, la gran mayor\u00eda de su vida, a la ciencia de la astronom\u00eda y a divulgar.<\/p>\n<p>\u201c\u00c9l estuvo involucrado en pr\u00e1cticamente todos los proyectos de infraestructura del estado de Sonora en relaci\u00f3n a la astronom\u00eda, como en la construcci\u00f3n del Observatorio Astron\u00f3mico de Cananea, el Observatorio Carl Sagan de la Universidad de Sonora y los planetarios estatales que est\u00e1n funcionando\u201d, se\u00f1al\u00f3.<\/p>\n<p>Manr\u00edquez Rangel relat\u00f3 que S\u00e1nchez Ibarra no solamente se dedic\u00f3 a promover la astronom\u00eda, sino tambi\u00e9n se encarg\u00f3 de dirigirla y despertar el inter\u00e9s en esa ciencia y en su divulgaci\u00f3n.<\/p>\n<p>En conmemoraci\u00f3n de su aniversario luctuoso, en el observatorio del Centro Ecol\u00f3gico de Sonora habr\u00e1 observaci\u00f3n p\u00fablica a partir de las 18:00 horas y se hablar\u00e1 de su legado todos los jueves y viernes del mes de septiembre.<\/p>\n<p>Y los s\u00e1bados, adelant\u00f3, habr\u00e1 observaci\u00f3n solar como parte del recorrido del Centro.<\/p>\n<p>&nbsp;<\/p>\n<p><strong>Un astr\u00f3nomo autodidacta<\/strong><\/p>\n<p>Nacido en 1955 en Mexicali, Baja California, Antonio S\u00e1nchez Ibarra se desarroll\u00f3 en Sonora, en el municipio de Nogales, ciudad de la que se sent\u00eda originario.<\/p>\n<p>A principios de 1990 lleg\u00f3 a la Unison invitado por el acad\u00e9mico Julio Saucedo Morales para juntos iniciar el \u00e1rea de astronom\u00eda de la m\u00e1xima casa de estudios de Sonora.<\/p>\n<p>Explic\u00f3 que ten\u00eda una estaci\u00f3n de monitoreo en la Universidad de Sonora y cuando una mancha solar explotaba y lanzaba material hacia la tierra, era la primera persona que se enteraba y le avisaba al mundo.<\/p>\n<p>\u201cAlgo que se le reconoce mucho es que fue autodidacta en cuesti\u00f3n de astronom\u00eda, y es algo que en la divulgaci\u00f3n recalcamos mucho, la astronom\u00eda es una ciencia portal, cualquier persona puede participar e incluso aportar a la ciencia.<\/p>\n<p>&nbsp;<\/p>\n<p>&nbsp;<\/p>\n<p>&nbsp;<\/p>\n<p>&nbsp;<\/p>\n<p>&nbsp;<\/p>\n<p>&nbsp;<\/p>\n<p>&nbsp;<\/p>\n<p>\u201cComo astr\u00f3nomos aficionados pueden hacer observaciones que nos sirven a los astrof\u00edsicos; en particular Antonio se form\u00f3 de esta manera, aunque \u00e9l estudi\u00f3 la Normal, fue su vocaci\u00f3n como divulgador lo que le permiti\u00f3 tambi\u00e9n entender la astronom\u00eda, ense\u00f1ar y transmitirla a las personas\u201d, destac\u00f3.<\/p>\n<p>&nbsp;<\/p>\n<p><strong>Una mirada al cielo<\/strong><\/p>\n<p>El astrof\u00edsico record\u00f3 el desafortunado fallecimiento de S\u00e1nchez Ibarra el 13 de septiembre del 2009, a pocos d\u00edas de haber cumplido a\u00f1os, ya que naci\u00f3 el 30 de agosto de 1955.<\/p>\n<p>\u201cLo recuerdo con mucho cari\u00f1o, como un humanista, un gran divulgador, por lo que tratamos de seguir sus pasos y llevar el conocimiento al p\u00fablico, sacarlo de las aulas para que las personas tengan acceso a la ciencia\u201d, coment\u00f3.<\/p>\n<p>&nbsp;<\/p>\n","protected":false},"excerpt":{"rendered":"<p>El 13 de septiembre se cumplen 16 a\u00f1os de la partida del astr\u00f3nomo Antonio S\u00e1nchez Ibarra, cient\u00edfico autodidacta, divulgador, observador del sol e impulsor de la infraestructura astron\u00f3mica en todo Sonora. Ante la cercan\u00eda del aniversario luctuoso de quien fuera el astr\u00f3nomo de la Universidad de Sonora, la comunidad astron\u00f3mica lo recuerda; tal es el [&hellip;]<\/p>\n","protected":false},"author":2,"featured_media":229289,"comment_status":"closed","ping_status":"closed","sticky":false,"template":"","format":"standard","meta":{"footnotes":""},"categories":[12870,178],"tags":[12865,12869],"class_list":["post-229288","post","type-post","status-publish","format-standard","has-post-thumbnail","hentry","category-destacadas","category-local","tag-destacadas","tag-local"],"jetpack_featured_media_url":"https:\/\/rnoticias.com.mx\/Portal\/wp-content\/uploads\/2025\/09\/Busto-de-Antonio-Sanchez-Ibarra-scaled.jpg","amp_enabled":true,"_links":{"self":[{"href":"https:\/\/rnoticias.com.mx\/Portal\/wp-json\/wp\/v2\/posts\/229288","targetHints":{"allow":["GET"]}}],"collection":[{"href":"https:\/\/rnoticias.com.mx\/Portal\/wp-json\/wp\/v2\/posts"}],"about":[{"href":"https:\/\/rnoticias.com.mx\/Portal\/wp-json\/wp\/v2\/types\/post"}],"author":[{"embeddable":true,"href":"https:\/\/rnoticias.com.mx\/Portal\/wp-json\/wp\/v2\/users\/2"}],"replies":[{"embeddable":true,"href":"https:\/\/rnoticias.com.mx\/Portal\/wp-json\/wp\/v2\/comments?post=229288"}],"version-history":[{"count":1,"href":"https:\/\/rnoticias.com.mx\/Portal\/wp-json\/wp\/v2\/posts\/229288\/revisions"}],"predecessor-version":[{"id":229290,"href":"https:\/\/rnoticias.com.mx\/Portal\/wp-json\/wp\/v2\/posts\/229288\/revisions\/229290"}],"wp:featuredmedia":[{"embeddable":true,"href":"https:\/\/rnoticias.com.mx\/Portal\/wp-json\/wp\/v2\/media\/229289"}],"wp:attachment":[{"href":"https:\/\/rnoticias.com.mx\/Portal\/wp-json\/wp\/v2\/media?parent=229288"}],"wp:term":[{"taxonomy":"category","embeddable":true,"href":"https:\/\/rnoticias.com.mx\/Portal\/wp-json\/wp\/v2\/categories?post=229288"},{"taxonomy":"post_tag","embeddable":true,"href":"https:\/\/rnoticias.com.mx\/Portal\/wp-json\/wp\/v2\/tags?post=229288"}],"curies":[{"name":"wp","href":"https:\/\/api.w.org\/{rel}","templated":true}]}}