{"id":229285,"date":"2025-09-11T19:39:33","date_gmt":"2025-09-12T02:39:33","guid":{"rendered":"https:\/\/rnoticias.com.mx\/Portal\/?p=229285"},"modified":"2025-09-11T19:39:33","modified_gmt":"2025-09-12T02:39:33","slug":"invita-agua-de-hermosillo-a-jornada-de-descuentos-este-viernes-12-de-septiembre","status":"publish","type":"post","link":"https:\/\/rnoticias.com.mx\/Portal\/2025\/09\/11\/invita-agua-de-hermosillo-a-jornada-de-descuentos-este-viernes-12-de-septiembre\/","title":{"rendered":"Invita Agua de Hermosillo a Jornada de Descuentos este viernes 12 de septiembre"},"content":{"rendered":"<p><b data-olk-copy-source=\"MessageBody\">Hermosillo, Sonora; 11 de septiembre, 2025.-<\/b>Usuarios de tarifa dom\u00e9stica y comercial tendr\u00e1n la oportunidad de regularizar su situaci\u00f3n en la Jornada de Descuentos que Agua de Hermosillo realizar\u00e1 este viernes 12 de septiembre en la colonia Universitaria, en horario de 9:00 am a 2:00 pm.<\/p>\n<p aria-hidden=\"true\">\n<p>En la tarifa dom\u00e9stica se aplicar\u00e1n descuentos que van del 10% al 60% en adeudos por consumo y del 100% en recargos, mientras que en la tarifa comercial se otorgar\u00e1n reducciones del 30% al 50% en adeudos por consumo.<\/p>\n<p aria-hidden=\"true\">\n<p>Durante la jornada tambi\u00e9n se instalar\u00e1 un M\u00f3dulo de Informaci\u00f3n para orientar a usuarios sobre la tarifa social, un programa que Agua de Hermosillo impulsa con el objetivo de apoyar la econom\u00eda familiar.<\/p>\n<p aria-hidden=\"true\">\n<p>La jornada se llevar\u00e1 a cabo en el Parque Universitario, ubicado en calle Universidad esquina con avenida Emiliana Zubeld\u00eda, en la colonia Universitaria.<\/p>\n<p aria-hidden=\"true\">\n<p>El Gobierno Municipal y Agua de Hermosillo invitan a la ciudadan\u00eda a aprovechar esta jornada de descuentos que representa una oportunidad para ponerse al corriente y fortalecer juntos el desarrollo de la ciudad.<\/p>\n","protected":false},"excerpt":{"rendered":"<p>Hermosillo, Sonora; 11 de septiembre, 2025.-Usuarios de tarifa dom\u00e9stica y comercial tendr\u00e1n la oportunidad de regularizar su situaci\u00f3n en la Jornada de Descuentos que Agua de Hermosillo realizar\u00e1 este viernes 12 de septiembre en la colonia Universitaria, en horario de 9:00 am a 2:00 pm. En la tarifa dom\u00e9stica se aplicar\u00e1n descuentos que van del [&hellip;]<\/p>\n","protected":false},"author":2,"featured_media":229286,"comment_status":"closed","ping_status":"closed","sticky":false,"template":"","format":"standard","meta":{"footnotes":""},"categories":[12870,178],"tags":[12865,12869],"class_list":["post-229285","post","type-post","status-publish","format-standard","has-post-thumbnail","hentry","category-destacadas","category-local","tag-destacadas","tag-local"],"jetpack_featured_media_url":"https:\/\/rnoticias.com.mx\/Portal\/wp-content\/uploads\/2025\/09\/descarga-2-1.png","amp_enabled":true,"_links":{"self":[{"href":"https:\/\/rnoticias.com.mx\/Portal\/wp-json\/wp\/v2\/posts\/229285","targetHints":{"allow":["GET"]}}],"collection":[{"href":"https:\/\/rnoticias.com.mx\/Portal\/wp-json\/wp\/v2\/posts"}],"about":[{"href":"https:\/\/rnoticias.com.mx\/Portal\/wp-json\/wp\/v2\/types\/post"}],"author":[{"embeddable":true,"href":"https:\/\/rnoticias.com.mx\/Portal\/wp-json\/wp\/v2\/users\/2"}],"replies":[{"embeddable":true,"href":"https:\/\/rnoticias.com.mx\/Portal\/wp-json\/wp\/v2\/comments?post=229285"}],"version-history":[{"count":1,"href":"https:\/\/rnoticias.com.mx\/Portal\/wp-json\/wp\/v2\/posts\/229285\/revisions"}],"predecessor-version":[{"id":229287,"href":"https:\/\/rnoticias.com.mx\/Portal\/wp-json\/wp\/v2\/posts\/229285\/revisions\/229287"}],"wp:featuredmedia":[{"embeddable":true,"href":"https:\/\/rnoticias.com.mx\/Portal\/wp-json\/wp\/v2\/media\/229286"}],"wp:attachment":[{"href":"https:\/\/rnoticias.com.mx\/Portal\/wp-json\/wp\/v2\/media?parent=229285"}],"wp:term":[{"taxonomy":"category","embeddable":true,"href":"https:\/\/rnoticias.com.mx\/Portal\/wp-json\/wp\/v2\/categories?post=229285"},{"taxonomy":"post_tag","embeddable":true,"href":"https:\/\/rnoticias.com.mx\/Portal\/wp-json\/wp\/v2\/tags?post=229285"}],"curies":[{"name":"wp","href":"https:\/\/api.w.org\/{rel}","templated":true}]}}