{"id":229258,"date":"2025-09-11T19:28:41","date_gmt":"2025-09-12T02:28:41","guid":{"rendered":"https:\/\/rnoticias.com.mx\/Portal\/?p=229258"},"modified":"2025-09-11T19:28:41","modified_gmt":"2025-09-12T02:28:41","slug":"diputada-ana-gabriela-tapia-fonllem-impulsa-reforma-para-garantizar-uso-seguro-de-aguas-tratadas-en-el-riego-agricola","status":"publish","type":"post","link":"https:\/\/rnoticias.com.mx\/Portal\/2025\/09\/11\/diputada-ana-gabriela-tapia-fonllem-impulsa-reforma-para-garantizar-uso-seguro-de-aguas-tratadas-en-el-riego-agricola\/","title":{"rendered":"Diputada Ana Gabriela Tapia Fonllem impulsa reforma para garantizar uso seguro de aguas tratadas en el riego agr\u00edcola"},"content":{"rendered":"<p>Hermosillo, Sonora; 11 de septiembre de 2025. \u2013 Consciente de la crisis h\u00eddrica que atraviesa Sonora y del riesgo que representa el uso de aguas residuales sin tratamiento en la producci\u00f3n de alimentos, la diputada Ana Gabriela Tapia Fonllem, representante parlamentaria del PRD Sonora, present\u00f3 ante el Pleno del Congreso del Estado una iniciativa de reforma a la Ley de Aguas del Estado de Sonora y a la Ley de Gobierno y Administraci\u00f3n Municipal, con el prop\u00f3sito de establecer medidas que aseguren el uso responsable y seguro del recurso h\u00eddrico en la entidad.<\/p>\n<p>La propuesta legislativa contempla los siguientes ejes:<\/p>\n<p>1. Uso obligatorio de aguas residuales tratadas en actividades de riego agr\u00edcola.<\/p>\n<p>2. Garant\u00eda de infraestructura adecuada en los municipios para el tratamiento de aguas.<\/p>\n<p>3. Prohibici\u00f3n expresa del empleo de aguas no tratadas en la producci\u00f3n agr\u00edcola.<\/p>\n<p>4. Implementaci\u00f3n de mecanismos de supervisi\u00f3n, control y sanciones para quienes incumplan las disposiciones establecidas.<\/p>\n<p>En su exposici\u00f3n de motivos, la legisladora advirti\u00f3 que la agricultura consume el 87 por ciento del agua disponible en Sonora, y que la sequ\u00eda, sumada al cambio clim\u00e1tico, exige soluciones sostenibles que protejan tanto la salud p\u00fablica como la seguridad alimentaria.<\/p>\n<p>&#8220;El agua es vida y un recurso vital que debemos proteger y preservar. Con esta reforma buscamos garantizar el uso responsable del agua, la salud de la poblaci\u00f3n y la competitividad agr\u00edcola de nuestro estado\u201d, afirm\u00f3 Tapia Fonllem.<\/p>\n<p>La iniciativa contempla un plazo de 180 d\u00edas para que la Comisi\u00f3n Estatal del Agua y los ayuntamientos presenten proyectos de infraestructura y reglamentos que aseguren el cumplimiento de la ley.<\/p>\n<p>Con esta acci\u00f3n, el PRD Sonora reafirma su compromiso con la transparencia, el desarrollo sostenible y la defensa del derecho al agua para todas y todos.<\/p>\n","protected":false},"excerpt":{"rendered":"<p>Hermosillo, Sonora; 11 de septiembre de 2025. \u2013 Consciente de la crisis h\u00eddrica que atraviesa Sonora y del riesgo que representa el uso de aguas residuales sin tratamiento en la producci\u00f3n de alimentos, la diputada Ana Gabriela Tapia Fonllem, representante parlamentaria del PRD Sonora, present\u00f3 ante el Pleno del Congreso del Estado una iniciativa de [&hellip;]<\/p>\n","protected":false},"author":2,"featured_media":229259,"comment_status":"closed","ping_status":"closed","sticky":false,"template":"","format":"standard","meta":{"footnotes":""},"categories":[12870,12868],"tags":[12865,12879],"class_list":["post-229258","post","type-post","status-publish","format-standard","has-post-thumbnail","hentry","category-destacadas","category-politica","tag-destacadas","tag-politica"],"jetpack_featured_media_url":"https:\/\/rnoticias.com.mx\/Portal\/wp-content\/uploads\/2025\/09\/602886e0-a48d-429b-b05e-77428aa526c2.jpeg","amp_enabled":true,"_links":{"self":[{"href":"https:\/\/rnoticias.com.mx\/Portal\/wp-json\/wp\/v2\/posts\/229258","targetHints":{"allow":["GET"]}}],"collection":[{"href":"https:\/\/rnoticias.com.mx\/Portal\/wp-json\/wp\/v2\/posts"}],"about":[{"href":"https:\/\/rnoticias.com.mx\/Portal\/wp-json\/wp\/v2\/types\/post"}],"author":[{"embeddable":true,"href":"https:\/\/rnoticias.com.mx\/Portal\/wp-json\/wp\/v2\/users\/2"}],"replies":[{"embeddable":true,"href":"https:\/\/rnoticias.com.mx\/Portal\/wp-json\/wp\/v2\/comments?post=229258"}],"version-history":[{"count":1,"href":"https:\/\/rnoticias.com.mx\/Portal\/wp-json\/wp\/v2\/posts\/229258\/revisions"}],"predecessor-version":[{"id":229260,"href":"https:\/\/rnoticias.com.mx\/Portal\/wp-json\/wp\/v2\/posts\/229258\/revisions\/229260"}],"wp:featuredmedia":[{"embeddable":true,"href":"https:\/\/rnoticias.com.mx\/Portal\/wp-json\/wp\/v2\/media\/229259"}],"wp:attachment":[{"href":"https:\/\/rnoticias.com.mx\/Portal\/wp-json\/wp\/v2\/media?parent=229258"}],"wp:term":[{"taxonomy":"category","embeddable":true,"href":"https:\/\/rnoticias.com.mx\/Portal\/wp-json\/wp\/v2\/categories?post=229258"},{"taxonomy":"post_tag","embeddable":true,"href":"https:\/\/rnoticias.com.mx\/Portal\/wp-json\/wp\/v2\/tags?post=229258"}],"curies":[{"name":"wp","href":"https:\/\/api.w.org\/{rel}","templated":true}]}}