{"id":229243,"date":"2025-09-11T18:13:34","date_gmt":"2025-09-12T01:13:34","guid":{"rendered":"https:\/\/rnoticias.com.mx\/Portal\/?p=229243"},"modified":"2025-09-11T18:13:34","modified_gmt":"2025-09-12T01:13:34","slug":"policia-de-hermosillo-desplegara-operativo-especial-por-fiestas-patrias","status":"publish","type":"post","link":"https:\/\/rnoticias.com.mx\/Portal\/2025\/09\/11\/policia-de-hermosillo-desplegara-operativo-especial-por-fiestas-patrias\/","title":{"rendered":"Polic\u00eda de Hermosillo desplegar\u00e1 operativo especial por Fiestas Patrias"},"content":{"rendered":"<p><b data-olk-copy-source=\"MessageBody\">Hermosillo, Sonora; 11 de septiembre de 2025.-<\/b>El comisario general de la Polic\u00eda de Hermosillo, Alonso Dur\u00f3n Monta\u00f1o, inform\u00f3 que se encuentran listos los operativos de seguridad y vialidad para los festejos del 15 y 16 de septiembre, en el cual estar\u00e1n m\u00e1s de 300 elementos, con el fin de garantizar la seguridad de las y los asistentes<\/p>\n<p aria-hidden=\"true\">\n<p>\u201cVamos a desplegar un total de 300 elementos para apoyar ambos eventos, apoyados con los grupos de escuadrones, el K9 y grupos especiales, para de una manera no debilitar el estado de fuerza y seguir con los patrullajes preventivos en la ciudad\u201d, coment\u00f3<\/p>\n<p aria-hidden=\"true\">\n<p>Mencion\u00f3 que el operativo se desarrollar\u00e1 en coordinaci\u00f3n con la Guardia Nacional, la Polic\u00eda Estatal y la Agencia Ministerial de Investigaci\u00f3n Criminal (AMIC). No se permitir\u00e1 la ingesta ni la venta de alcohol en el \u00e1rea del evento, y se contar\u00e1 con un punto estrat\u00e9gico de atenci\u00f3n ciudadana frente al Palacio Municipal, donde se controlar\u00e1n las comunicaciones y se atender\u00e1n reportes, adem\u00e1s de apoyar en caso de extrav\u00edo de menores.<\/p>\n<p aria-hidden=\"true\">\n<p>Dur\u00f3n Monta\u00f1o recomend\u00f3 a la ciudadan\u00eda estacionar sus veh\u00edculos en lugares visibles y cercanos al evento, evitar dejar objetos de valor a la vista y, de ser posible, optar por transporte p\u00fablico o plataformas de servicio para facilitar la movilidad, dado que la zona de celebraci\u00f3n tendr\u00e1 acceso vehicular restringido.<\/p>\n","protected":false},"excerpt":{"rendered":"<p>Hermosillo, Sonora; 11 de septiembre de 2025.-El comisario general de la Polic\u00eda de Hermosillo, Alonso Dur\u00f3n Monta\u00f1o, inform\u00f3 que se encuentran listos los operativos de seguridad y vialidad para los festejos del 15 y 16 de septiembre, en el cual estar\u00e1n m\u00e1s de 300 elementos, con el fin de garantizar la seguridad de las y [&hellip;]<\/p>\n","protected":false},"author":2,"featured_media":229244,"comment_status":"closed","ping_status":"closed","sticky":false,"template":"","format":"standard","meta":{"footnotes":""},"categories":[12870,178],"tags":[12865,12869],"class_list":["post-229243","post","type-post","status-publish","format-standard","has-post-thumbnail","hentry","category-destacadas","category-local","tag-destacadas","tag-local"],"jetpack_featured_media_url":"https:\/\/rnoticias.com.mx\/Portal\/wp-content\/uploads\/2025\/09\/descarga-7.png","amp_enabled":true,"_links":{"self":[{"href":"https:\/\/rnoticias.com.mx\/Portal\/wp-json\/wp\/v2\/posts\/229243","targetHints":{"allow":["GET"]}}],"collection":[{"href":"https:\/\/rnoticias.com.mx\/Portal\/wp-json\/wp\/v2\/posts"}],"about":[{"href":"https:\/\/rnoticias.com.mx\/Portal\/wp-json\/wp\/v2\/types\/post"}],"author":[{"embeddable":true,"href":"https:\/\/rnoticias.com.mx\/Portal\/wp-json\/wp\/v2\/users\/2"}],"replies":[{"embeddable":true,"href":"https:\/\/rnoticias.com.mx\/Portal\/wp-json\/wp\/v2\/comments?post=229243"}],"version-history":[{"count":1,"href":"https:\/\/rnoticias.com.mx\/Portal\/wp-json\/wp\/v2\/posts\/229243\/revisions"}],"predecessor-version":[{"id":229245,"href":"https:\/\/rnoticias.com.mx\/Portal\/wp-json\/wp\/v2\/posts\/229243\/revisions\/229245"}],"wp:featuredmedia":[{"embeddable":true,"href":"https:\/\/rnoticias.com.mx\/Portal\/wp-json\/wp\/v2\/media\/229244"}],"wp:attachment":[{"href":"https:\/\/rnoticias.com.mx\/Portal\/wp-json\/wp\/v2\/media?parent=229243"}],"wp:term":[{"taxonomy":"category","embeddable":true,"href":"https:\/\/rnoticias.com.mx\/Portal\/wp-json\/wp\/v2\/categories?post=229243"},{"taxonomy":"post_tag","embeddable":true,"href":"https:\/\/rnoticias.com.mx\/Portal\/wp-json\/wp\/v2\/tags?post=229243"}],"curies":[{"name":"wp","href":"https:\/\/api.w.org\/{rel}","templated":true}]}}