{"id":229227,"date":"2025-09-11T14:05:30","date_gmt":"2025-09-11T21:05:30","guid":{"rendered":"https:\/\/rnoticias.com.mx\/Portal\/?p=229227"},"modified":"2025-09-11T14:05:30","modified_gmt":"2025-09-11T21:05:30","slug":"gobierno-de-sonora-apoya-el-programa-soy-mexico-que-beneficia-a-mas-de-2-mil-ninas-y-ninos","status":"publish","type":"post","link":"https:\/\/rnoticias.com.mx\/Portal\/2025\/09\/11\/gobierno-de-sonora-apoya-el-programa-soy-mexico-que-beneficia-a-mas-de-2-mil-ninas-y-ninos\/","title":{"rendered":"Gobierno de Sonora apoya el programa Soy M\u00e9xico que beneficia a m\u00e1s de 2 mil ni\u00f1as y ni\u00f1os"},"content":{"rendered":"<p align=\"left\">Hermosillo, Sonora; 11 de septiembre de 2025.- El Gobierno de Sonora, en coordinaci\u00f3n con el Registro Nacional de Poblaci\u00f3n (Renapo), ha facilitado la aplicaci\u00f3n del programa Soy M\u00e9xico, mediante el cual dos mil 110 ni\u00f1as y ni\u00f1os nacidos en Estados Unidos han sido beneficiados en la entidad desde el a\u00f1o 2022 a la fecha, con el objetivo de garantizar su derecho a la identidad.<\/p>\n<p align=\"left\">Este programa simplifica los procesos de inscripci\u00f3n de actas de nacimiento de hijas e hijos de madre, padre o ambos mexicanos. Normalmente, el tr\u00e1mite requiere presentar un acta apostillada y traducida por un perito autorizado, lo que implica costos adicionales. Con Soy M\u00e9xico, dichos requisitos se eliminan, ya que el programa cubre la validaci\u00f3n y traducci\u00f3n del acta, permitiendo realizar el registro de manera gratuita.<\/p>\n<p align=\"left\">La titular del Registro Civil en Sonora, Mari\u00e1n Mart\u00ednez Rodr\u00edguez, inform\u00f3 que la convocatoria inici\u00f3 en agosto y permanecer\u00e1 abierta hasta el 30 de noviembre de 2025. Precis\u00f3 que \u00fanicamente se requiere que uno de los padres sea mexicano para que el menor, nacido en la Uni\u00f3n Americana, pueda acceder al beneficio.<\/p>\n<p align=\"left\">Con esta acci\u00f3n, el Gobierno de Sonora refrenda su compromiso de respaldar a las y los sonorenses en el exterior, fortaleciendo los v\u00ednculos con las familias binacionales y garantizando que las ni\u00f1as y los ni\u00f1os cuenten con certeza jur\u00eddica y pleno ejercicio de su derecho a la identidad.<\/p>\n","protected":false},"excerpt":{"rendered":"<p>Hermosillo, Sonora; 11 de septiembre de 2025.- El Gobierno de Sonora, en coordinaci\u00f3n con el Registro Nacional de Poblaci\u00f3n (Renapo), ha facilitado la aplicaci\u00f3n del programa Soy M\u00e9xico, mediante el cual dos mil 110 ni\u00f1as y ni\u00f1os nacidos en Estados Unidos han sido beneficiados en la entidad desde el a\u00f1o 2022 a la fecha, con [&hellip;]<\/p>\n","protected":false},"author":2,"featured_media":229228,"comment_status":"closed","ping_status":"closed","sticky":false,"template":"","format":"standard","meta":{"footnotes":""},"categories":[12870,178],"tags":[12865,12869],"class_list":["post-229227","post","type-post","status-publish","format-standard","has-post-thumbnail","hentry","category-destacadas","category-local","tag-destacadas","tag-local"],"jetpack_featured_media_url":"https:\/\/rnoticias.com.mx\/Portal\/wp-content\/uploads\/2025\/09\/unnamed-33.jpg","amp_enabled":true,"_links":{"self":[{"href":"https:\/\/rnoticias.com.mx\/Portal\/wp-json\/wp\/v2\/posts\/229227","targetHints":{"allow":["GET"]}}],"collection":[{"href":"https:\/\/rnoticias.com.mx\/Portal\/wp-json\/wp\/v2\/posts"}],"about":[{"href":"https:\/\/rnoticias.com.mx\/Portal\/wp-json\/wp\/v2\/types\/post"}],"author":[{"embeddable":true,"href":"https:\/\/rnoticias.com.mx\/Portal\/wp-json\/wp\/v2\/users\/2"}],"replies":[{"embeddable":true,"href":"https:\/\/rnoticias.com.mx\/Portal\/wp-json\/wp\/v2\/comments?post=229227"}],"version-history":[{"count":1,"href":"https:\/\/rnoticias.com.mx\/Portal\/wp-json\/wp\/v2\/posts\/229227\/revisions"}],"predecessor-version":[{"id":229229,"href":"https:\/\/rnoticias.com.mx\/Portal\/wp-json\/wp\/v2\/posts\/229227\/revisions\/229229"}],"wp:featuredmedia":[{"embeddable":true,"href":"https:\/\/rnoticias.com.mx\/Portal\/wp-json\/wp\/v2\/media\/229228"}],"wp:attachment":[{"href":"https:\/\/rnoticias.com.mx\/Portal\/wp-json\/wp\/v2\/media?parent=229227"}],"wp:term":[{"taxonomy":"category","embeddable":true,"href":"https:\/\/rnoticias.com.mx\/Portal\/wp-json\/wp\/v2\/categories?post=229227"},{"taxonomy":"post_tag","embeddable":true,"href":"https:\/\/rnoticias.com.mx\/Portal\/wp-json\/wp\/v2\/tags?post=229227"}],"curies":[{"name":"wp","href":"https:\/\/api.w.org\/{rel}","templated":true}]}}