{"id":229224,"date":"2025-09-11T14:03:58","date_gmt":"2025-09-11T21:03:58","guid":{"rendered":"https:\/\/rnoticias.com.mx\/Portal\/?p=229224"},"modified":"2025-09-11T14:06:24","modified_gmt":"2025-09-11T21:06:24","slug":"dua-lipa-es-de-las-primeras-en-probar-el-nuevo-iphone-17","status":"publish","type":"post","link":"https:\/\/rnoticias.com.mx\/Portal\/2025\/09\/11\/dua-lipa-es-de-las-primeras-en-probar-el-nuevo-iphone-17\/","title":{"rendered":"Dua Lipa es de las primeras en probar el nuevo iPhone 17"},"content":{"rendered":"<p><mark><strong>La cantante brit\u00e1nico-albanesa es de las primeras en probar el nuevo iPhone 17 Pro.<\/strong><\/mark>\u00a0A trav\u00e9s de redes sociales, tanto Dua Lipa como Apple, han compartido publicaciones en colaboraci\u00f3n, en donde\u00a0<strong>se ve a la estrella mostrando un d\u00eda de su gira<\/strong>\u00a0documentado con el nuevo dispositivo.<\/p>\n<p><strong>Esto sucedi\u00f3 d\u00edas despu\u00e9s de que Apple presentara oficialmente los nuevos iPhone:<\/strong>\u00a0el iPhone 17, el 17 Pro, el Pro Max y la versi\u00f3n ultradelgada 17 Air. El que Dua Lipa sea de las primeras personas en mostrarse con el dispositivo, gracias a la colaboraci\u00f3n con Apple, la posiciona en el centro de la conversaci\u00f3n sobre tecnolog\u00eda y exclusividad.<\/p>\n<h2><i>Radical Optimism Tour<\/i>\u00a0grabado con el iPhone 17 Pro<\/h2>\n<p>A trav\u00e9s de Instagram, la cantante mostr\u00f3 a sus seguidores c\u00f3mo es uno de sus d\u00edas en tour, grabado con el iPhone 17 Pro.\u00a0<mark><strong>Da un recorrido desde que se despierta hasta los ensayos, y muestra un poco de lo que hay tras bambalinas.\u00a0<\/strong><\/mark><\/p>\n<p>En el video,\u00a0<mark><strong>lo que m\u00e1s sorprendi\u00f3 es la gran calidad de imagen que tiene el nuevo dispositivo<\/strong><\/mark>, ya que logra captar im\u00e1genes con una claridad impresionante. Tambi\u00e9n destaca bastante el nuevo dise\u00f1o del iPhone de Dua Lipa, el cual es de un color vibrante denominado \u201cnaranja c\u00f3smico\u201d,\u00a0<strong>color que est\u00e1 por convertirse en uno de los favoritos de la temporada.<\/strong><\/p>\n<p><strong>Esta colaboraci\u00f3n refuerza la estrategia de Apple<\/strong>, al vincular sus diferentes productos con celebridades globales, y se contin\u00faa confirmando el hecho de que la tecnolog\u00eda se ha convertido en un gran accesorio.<\/p>\n<p><mark><strong>La nueva serie de iPhone sale a la preventa este viernes 12 de septiembre<\/strong><\/mark>, y pronto el mundo podr\u00e1 comprobar por s\u00ed mismo la calidad de los nuevos dispositivos.<\/p>\n","protected":false},"excerpt":{"rendered":"<p>La cantante brit\u00e1nico-albanesa es de las primeras en probar el nuevo iPhone 17 Pro.\u00a0A trav\u00e9s de redes sociales, tanto Dua Lipa como Apple, han compartido publicaciones en colaboraci\u00f3n, en donde\u00a0se ve a la estrella mostrando un d\u00eda de su gira\u00a0documentado con el nuevo dispositivo. Esto sucedi\u00f3 d\u00edas despu\u00e9s de que Apple presentara oficialmente los nuevos [&hellip;]<\/p>\n","protected":false},"author":2,"featured_media":229225,"comment_status":"closed","ping_status":"closed","sticky":false,"template":"","format":"standard","meta":{"footnotes":""},"categories":[12870,219],"tags":[12865,12875],"class_list":["post-229224","post","type-post","status-publish","format-standard","has-post-thumbnail","hentry","category-destacadas","category-espectaculos","tag-destacadas","tag-espectaculos"],"jetpack_featured_media_url":"https:\/\/rnoticias.com.mx\/Portal\/wp-content\/uploads\/2025\/09\/debe1-17574489476678.webp","amp_enabled":true,"_links":{"self":[{"href":"https:\/\/rnoticias.com.mx\/Portal\/wp-json\/wp\/v2\/posts\/229224","targetHints":{"allow":["GET"]}}],"collection":[{"href":"https:\/\/rnoticias.com.mx\/Portal\/wp-json\/wp\/v2\/posts"}],"about":[{"href":"https:\/\/rnoticias.com.mx\/Portal\/wp-json\/wp\/v2\/types\/post"}],"author":[{"embeddable":true,"href":"https:\/\/rnoticias.com.mx\/Portal\/wp-json\/wp\/v2\/users\/2"}],"replies":[{"embeddable":true,"href":"https:\/\/rnoticias.com.mx\/Portal\/wp-json\/wp\/v2\/comments?post=229224"}],"version-history":[{"count":1,"href":"https:\/\/rnoticias.com.mx\/Portal\/wp-json\/wp\/v2\/posts\/229224\/revisions"}],"predecessor-version":[{"id":229226,"href":"https:\/\/rnoticias.com.mx\/Portal\/wp-json\/wp\/v2\/posts\/229224\/revisions\/229226"}],"wp:featuredmedia":[{"embeddable":true,"href":"https:\/\/rnoticias.com.mx\/Portal\/wp-json\/wp\/v2\/media\/229225"}],"wp:attachment":[{"href":"https:\/\/rnoticias.com.mx\/Portal\/wp-json\/wp\/v2\/media?parent=229224"}],"wp:term":[{"taxonomy":"category","embeddable":true,"href":"https:\/\/rnoticias.com.mx\/Portal\/wp-json\/wp\/v2\/categories?post=229224"},{"taxonomy":"post_tag","embeddable":true,"href":"https:\/\/rnoticias.com.mx\/Portal\/wp-json\/wp\/v2\/tags?post=229224"}],"curies":[{"name":"wp","href":"https:\/\/api.w.org\/{rel}","templated":true}]}}