{"id":229221,"date":"2025-09-11T13:55:39","date_gmt":"2025-09-11T20:55:39","guid":{"rendered":"https:\/\/rnoticias.com.mx\/Portal\/?p=229221"},"modified":"2025-09-11T13:55:39","modified_gmt":"2025-09-11T20:55:39","slug":"justifican-ieps-a-refrescos-en-2026","status":"publish","type":"post","link":"https:\/\/rnoticias.com.mx\/Portal\/2025\/09\/11\/justifican-ieps-a-refrescos-en-2026\/","title":{"rendered":"Justifican IEPS a refrescos en 2026"},"content":{"rendered":"<p>La Secretar\u00eda de Salud\u00a0<a href=\"https:\/\/www.informador.mx\/secretaria-de-salud-t1182\" target=\"_blank\" rel=\"noopener\"><strong>(Ssa)<\/strong><\/a>\u00a0explic\u00f3 que el objetivo de la medida\u00a0<mark><strong>no es encarecer los productos, sino disminuir su consumo.<\/strong><\/mark>\u00a0Esta justificaci\u00f3n se dio luego de la presentaci\u00f3n del Paquete Econ\u00f3mico 2026, en el que se plantea un aumento al Impuesto Especial sobre Producci\u00f3n y Servicios (IEPS) aplicado a los refrescos.<\/p>\n<p>El subsecretario de Integraci\u00f3n y Desarrollo del Sector Salud, Eduardo Clark, alert\u00f3 que\u00a0<strong>&#8220;la epidemia de enfermedades, porque no hay otra manera de llamarlo&#8221;,<\/strong>\u00a0podr\u00eda colapsar el sistema de salud en el mediano y largo plazo.<\/p>\n<p>En &#8220;La Ma\u00f1anera del pueblo&#8221; de la Presidenta\u00a0<a href=\"https:\/\/www.informador.mx\/claudia-sheinbaum-t10826\" target=\"_blank\" rel=\"noopener\"><strong>Claudia Sheinbaum Pardo<\/strong><\/a>\u00a0de este jueves 11 de septiembre, Eduardo Clark coment\u00f3 que\u00a0<strong>entre el IMSS, ISSSTE e IMSS-Bienestar destinan cerca de 180 mil millones de pesos a atender las consecuencias m\u00e9dicas del sobrepeso y la obesidad, como diabetes, hipertensi\u00f3n y falla renal cr\u00f3nica.<\/strong><\/p>\n<p>Al se\u00f1alar las di\u00e1lisis a las que se someten las personas &#8220;para seguir con vida&#8221;, Clark se\u00f1al\u00f3 que &#8220;cuestan al sector salud 415 mil pesos por paciente al a\u00f1o&#8221;: &#8220;Una cifra que claramente no es sostenible&#8221;.<\/p>\n<p>&#8220;Si seguimos bajo esta senda de crecimiento, nuestro pa\u00eds no ser\u00e1 capaz de soportar la carga que esto involucra en la salud de las personas&#8221;, declar\u00f3 Eduardo Clark.<\/p>\n<p>Indic\u00f3 que por esa raz\u00f3n es que el\u00a0<a href=\"https:\/\/www.informador.mx\/gobierno-de-mexico-t7\" target=\"_blank\" rel=\"noopener\"><strong>Gobierno de M\u00e9xico<\/strong><\/a>\u00a0implementa &#8220;medidas saludables&#8221; como las que se anunciaron el Paquete Econ\u00f3mico 2026, con las que se espera reducir el consumo de bebidas azucaradas y doblar la curva hacia mediano plazo, &#8220;para reducir la carga de enfermedades en nuestro pa\u00eds y mejorar el bienestar y la salud de todos los mexicanos&#8221;.<\/p>\n<p>El funcionario de la Ssa explic\u00f3 que este IEPS existe desde hace ya 11 a\u00f1os: &#8220;En ese momento empez\u00f3 a un peso por litro, y si tomamos los primeros dos a\u00f1os, donde hay mucha evidencia cient\u00edfica, es claro que sirvi\u00f3; redujo en casi 10% el consumo de refresco en un primer momento&#8221;.<\/p>\n<p>Dijo que &#8220;10%, si bien no es gigantesco, es important\u00edsimo para mejorar la salud de mexicanos en un pa\u00eds que consume cerca de 24 mil millones de litros de refresco y azucarados al a\u00f1o. Este IEPS fue subiendo poco a poco del 2014 a la fecha, de acuerdo a la inflaci\u00f3n, para que este a\u00f1o estuviera en 1.65 pesos por litro. Ahora el IEPS estar\u00e1 ligeramente arriba de los tres pesos. \u00bfQu\u00e9 significa eso? Que la versi\u00f3n m\u00e1s com\u00fan de compra de refresco para los mexicanos, que es la presentaci\u00f3n de 600 mililitros, sube aproximadamente un peso en su costo&#8221;, se\u00f1al\u00f3.<\/p>\n<p>&#8220;\u00bfPero qu\u00e9 esperamos con esto? No incrementar el costo, sino reducir el consumo.\u00a0<mark><strong>Esperamos, y de acuerdo a las estimaciones econ\u00f3micas que esto puede impactar, en el primer y segundo a\u00f1o una reducci\u00f3n de cerca del 7% en el consumo de refresco que nos ayude a mejorar la salud de los mexicanos&#8221;,<\/strong><\/mark>\u00a0agreg\u00f3 Clark al insistir en un fondo de\u00a0<a href=\"https:\/\/www.informador.mx\/salud-t128\" target=\"_blank\" rel=\"noopener\"><strong>salud<\/strong><\/a>\u00a0para las personas mexicanas.<\/p>\n<p>Ante la Presidenta Claudia Sheinbaum, Eduardo Clark acus\u00f3 que\u00a0<strong>en 40 a\u00f1os, M\u00e9xico pas\u00f3 de ser una poblaci\u00f3n sana a una poblaci\u00f3n enferma:<\/strong>\u00a0&#8220;En los a\u00f1os 80, menos de 10% de los adultos ten\u00edan obesidad, hoy pr\u00e1cticamente tres de cada cuatro tienen obesidad o diabetes&#8221;.<\/p>\n<p>Destac\u00f3 que estas medidas saludables ser\u00e1n aplicadas y funcionar\u00e1 como ha sucedido en otros pa\u00edses como Reino Unido, que baj\u00f3 30% el az\u00facar en los refrescos que fueron reformulados, o en Sud\u00e1frica, que en un a\u00f1o despu\u00e9s de haber implementado &#8220;una medida muy similar a la de M\u00e9xico&#8221; baj\u00f3 en 29% el consumo de bebidas azucaradas.<\/p>\n<h2>No se pone en riesgo la econom\u00eda familiar con IEPS a refrescos<\/h2>\n<p>Eduardo Clark asegur\u00f3 que con esta medida no se pone en riesgo la econom\u00eda familiar y se trabaj\u00f3 con la Secretar\u00eda de Hacienda para hacer\u00a0<strong>&#8220;un balance de lo que consider\u00e1bamos una etapa que nos pudiera dar un beneficio real en la reducci\u00f3n del consumo&#8221;.<\/strong><\/p>\n<p>&#8220;No va a perjudicar el bolsillo de las personas de una manera sustantiva, no va a generar una desproporcionalidad regresiva, a pegar a los hogares de menor ingreso. Pero al mismo tiempo llega a una reducci\u00f3n de consumo importante; es decir, creemos que es un buen balance, no pone en riesgo la econom\u00eda familiar de las personas, pero al mismo tiempo s\u00ed motiv\u00f3 una reducci\u00f3n, estimamos de hasta 7%&#8221;, dijo.<\/p>\n<p>Apunt\u00f3 que el IEPS no es la \u00fanica pol\u00edtica, porque tambi\u00e9n\u00a0<mark><strong>se plantea la concientizaci\u00f3n sobre el consumo de las bebidas azucaradas.<\/strong><\/mark><\/p>\n","protected":false},"excerpt":{"rendered":"<p>La Secretar\u00eda de Salud\u00a0(Ssa)\u00a0explic\u00f3 que el objetivo de la medida\u00a0no es encarecer los productos, sino disminuir su consumo.\u00a0Esta justificaci\u00f3n se dio luego de la presentaci\u00f3n del Paquete Econ\u00f3mico 2026, en el que se plantea un aumento al Impuesto Especial sobre Producci\u00f3n y Servicios (IEPS) aplicado a los refrescos. El subsecretario de Integraci\u00f3n y Desarrollo del [&hellip;]<\/p>\n","protected":false},"author":2,"featured_media":229222,"comment_status":"closed","ping_status":"closed","sticky":false,"template":"","format":"standard","meta":{"footnotes":""},"categories":[12870,172],"tags":[12865,12874],"class_list":["post-229221","post","type-post","status-publish","format-standard","has-post-thumbnail","hentry","category-destacadas","category-nacional","tag-destacadas","tag-nacional"],"jetpack_featured_media_url":"https:\/\/rnoticias.com.mx\/Portal\/wp-content\/uploads\/2025\/09\/Refrescos_jpg.webp","amp_enabled":true,"_links":{"self":[{"href":"https:\/\/rnoticias.com.mx\/Portal\/wp-json\/wp\/v2\/posts\/229221","targetHints":{"allow":["GET"]}}],"collection":[{"href":"https:\/\/rnoticias.com.mx\/Portal\/wp-json\/wp\/v2\/posts"}],"about":[{"href":"https:\/\/rnoticias.com.mx\/Portal\/wp-json\/wp\/v2\/types\/post"}],"author":[{"embeddable":true,"href":"https:\/\/rnoticias.com.mx\/Portal\/wp-json\/wp\/v2\/users\/2"}],"replies":[{"embeddable":true,"href":"https:\/\/rnoticias.com.mx\/Portal\/wp-json\/wp\/v2\/comments?post=229221"}],"version-history":[{"count":1,"href":"https:\/\/rnoticias.com.mx\/Portal\/wp-json\/wp\/v2\/posts\/229221\/revisions"}],"predecessor-version":[{"id":229223,"href":"https:\/\/rnoticias.com.mx\/Portal\/wp-json\/wp\/v2\/posts\/229221\/revisions\/229223"}],"wp:featuredmedia":[{"embeddable":true,"href":"https:\/\/rnoticias.com.mx\/Portal\/wp-json\/wp\/v2\/media\/229222"}],"wp:attachment":[{"href":"https:\/\/rnoticias.com.mx\/Portal\/wp-json\/wp\/v2\/media?parent=229221"}],"wp:term":[{"taxonomy":"category","embeddable":true,"href":"https:\/\/rnoticias.com.mx\/Portal\/wp-json\/wp\/v2\/categories?post=229221"},{"taxonomy":"post_tag","embeddable":true,"href":"https:\/\/rnoticias.com.mx\/Portal\/wp-json\/wp\/v2\/tags?post=229221"}],"curies":[{"name":"wp","href":"https:\/\/api.w.org\/{rel}","templated":true}]}}