{"id":229215,"date":"2025-09-11T12:46:57","date_gmt":"2025-09-11T19:46:57","guid":{"rendered":"https:\/\/rnoticias.com.mx\/Portal\/?p=229215"},"modified":"2025-09-11T12:46:57","modified_gmt":"2025-09-11T19:46:57","slug":"isaac-del-toro-gana-la-copa-sabatini","status":"publish","type":"post","link":"https:\/\/rnoticias.com.mx\/Portal\/2025\/09\/11\/isaac-del-toro-gana-la-copa-sabatini\/","title":{"rendered":"Isaac del Toro gana la Copa Sabatini"},"content":{"rendered":"<p><strong>\u00a1Imparable!\u00a0<\/strong>El ciclismo mexicano vuelve a estar en los reflectores internacionales gracias a\u00a0<a href=\"https:\/\/www.informador.mx\/isaac-del-toro-t135092\" target=\"_blank\" rel=\"noopener\"><strong>Isaac del Toro<\/strong><\/a>, quien este jueves 11 de septiembre\u00a0<mark><strong>gan\u00f3 la Copa Sabatini en Peccioli, Toscana, Italia.<\/strong><\/mark>\u00a0El joven pedalista de Ensenada, Baja California, demostr\u00f3 una vez m\u00e1s su gran momento al imponerse en un recorrido de 197.6 kil\u00f3metros\u00a0<strong>con un tiempo de 4 horas, 46 minutos y 56 segundos.<\/strong><\/p>\n<p>La clave de la victoria lleg\u00f3 a falta de seis kil\u00f3metros para la meta, cuando el ciclista del UAE Team Emirates lanz\u00f3 un ataque decisivo que le permiti\u00f3 mantenerse al frente hasta cruzar la l\u00ednea de llegada. El franc\u00e9s Benjamin Thomas, del equipo Cofidis, termin\u00f3 en la segunda posici\u00f3n a solo cinco segundos, mientras que el brit\u00e1nico Ben Granger, de Mig.K Vis, ocup\u00f3 el tercer puesto a ocho segundos de diferencia.<\/p>\n<p>Con este triunfo, Del Toro, de apenas 21 a\u00f1os,\u00a0<mark><strong>suma ya 15 victorias en su carrera profesional y 12 en lo que va de 2025,<\/strong><\/mark>\u00a0consolid\u00e1ndose como uno de los talentos m\u00e1s prometedores del ciclismo internacional. El resultado se suma a una racha impresionante en suelo italiano, donde apenas ayer se coron\u00f3 en el Giro Della Toscana, tras recorrer 189 kil\u00f3metros con salida y meta en Pontedera. En aquella prueba, se impuso en solitario con un tiempo de 4:25:38, dejando al australiano Michael Storer a 10 segundos y al belga Steff Cras en la tercera posici\u00f3n.<\/p>\n<p>El ciclista mexicano atraviesa la mejor semana de su temporada 2025, ya que el pasado domingo tambi\u00e9n se llev\u00f3 la victoria en el Gran Premio de Industria &amp; Artigianato-Larciano. Tres victorias en siete d\u00edas lo colocan como uno de los corredores m\u00e1s dominantes del calendario internacional.<\/p>\n<p>A lo largo de este a\u00f1o, Del Toro ha sumado triunfos importantes como las clasificaciones generales de la Vuelta a Asturias, la Vuelta a Austria, la Vuelta a Burgos y la Cl\u00e1sica Milano-Torino. Adem\u00e1s, ha logrado victorias parciales en etapas del Giro de Italia, un logro que pocos ciclistas de su edad pueden presumir.<\/p>\n<p>A sus 21 a\u00f1os, Isaac del Toro no solo se convierte en referente del deporte mexicano, sino tambi\u00e9n en una de las j\u00f3venes promesas del\u00a0<a href=\"https:\/\/www.informador.mx\/ciclismo-t634\" target=\"_blank\" rel=\"noopener\"><strong>ciclismo<\/strong><\/a>\u00a0mundial.<\/p>\n<p><strong>El pr\u00f3ximo reto del bajacaliforniano ser\u00e1 el Trofeo Matteotti, programado para el 14 de septiembre en Italia, donde buscar\u00e1 extender su racha ganadora y seguir escribiendo p\u00e1ginas de gloria en el ciclismo internacional.<\/strong><\/p>\n","protected":false},"excerpt":{"rendered":"<p>\u00a1Imparable!\u00a0El ciclismo mexicano vuelve a estar en los reflectores internacionales gracias a\u00a0Isaac del Toro, quien este jueves 11 de septiembre\u00a0gan\u00f3 la Copa Sabatini en Peccioli, Toscana, Italia.\u00a0El joven pedalista de Ensenada, Baja California, demostr\u00f3 una vez m\u00e1s su gran momento al imponerse en un recorrido de 197.6 kil\u00f3metros\u00a0con un tiempo de 4 horas, 46 minutos [&hellip;]<\/p>\n","protected":false},"author":2,"featured_media":229216,"comment_status":"closed","ping_status":"closed","sticky":false,"template":"","format":"standard","meta":{"footnotes":""},"categories":[188,12870],"tags":[5231,12865],"class_list":["post-229215","post","type-post","status-publish","format-standard","has-post-thumbnail","hentry","category-deportes","category-destacadas","tag-deportes","tag-destacadas"],"jetpack_featured_media_url":"https:\/\/rnoticias.com.mx\/Portal\/wp-content\/uploads\/2025\/09\/8cdb131462be356c18228bc9e268fd52.webp","amp_enabled":true,"_links":{"self":[{"href":"https:\/\/rnoticias.com.mx\/Portal\/wp-json\/wp\/v2\/posts\/229215","targetHints":{"allow":["GET"]}}],"collection":[{"href":"https:\/\/rnoticias.com.mx\/Portal\/wp-json\/wp\/v2\/posts"}],"about":[{"href":"https:\/\/rnoticias.com.mx\/Portal\/wp-json\/wp\/v2\/types\/post"}],"author":[{"embeddable":true,"href":"https:\/\/rnoticias.com.mx\/Portal\/wp-json\/wp\/v2\/users\/2"}],"replies":[{"embeddable":true,"href":"https:\/\/rnoticias.com.mx\/Portal\/wp-json\/wp\/v2\/comments?post=229215"}],"version-history":[{"count":1,"href":"https:\/\/rnoticias.com.mx\/Portal\/wp-json\/wp\/v2\/posts\/229215\/revisions"}],"predecessor-version":[{"id":229217,"href":"https:\/\/rnoticias.com.mx\/Portal\/wp-json\/wp\/v2\/posts\/229215\/revisions\/229217"}],"wp:featuredmedia":[{"embeddable":true,"href":"https:\/\/rnoticias.com.mx\/Portal\/wp-json\/wp\/v2\/media\/229216"}],"wp:attachment":[{"href":"https:\/\/rnoticias.com.mx\/Portal\/wp-json\/wp\/v2\/media?parent=229215"}],"wp:term":[{"taxonomy":"category","embeddable":true,"href":"https:\/\/rnoticias.com.mx\/Portal\/wp-json\/wp\/v2\/categories?post=229215"},{"taxonomy":"post_tag","embeddable":true,"href":"https:\/\/rnoticias.com.mx\/Portal\/wp-json\/wp\/v2\/tags?post=229215"}],"curies":[{"name":"wp","href":"https:\/\/api.w.org\/{rel}","templated":true}]}}