{"id":229212,"date":"2025-09-11T12:44:22","date_gmt":"2025-09-11T19:44:22","guid":{"rendered":"https:\/\/rnoticias.com.mx\/Portal\/?p=229212"},"modified":"2025-09-11T12:44:22","modified_gmt":"2025-09-11T19:44:22","slug":"gobierno-de-sonora-se-prepara-para-temporada-de-turismo-cinegetico-2025-2026","status":"publish","type":"post","link":"https:\/\/rnoticias.com.mx\/Portal\/2025\/09\/11\/gobierno-de-sonora-se-prepara-para-temporada-de-turismo-cinegetico-2025-2026\/","title":{"rendered":"Gobierno de Sonora se prepara para temporada de turismo cineg\u00e9tico 2025-2026"},"content":{"rendered":"<p align=\"left\">Hermosillo, Sonora; 11 de septiembre de 2025.- El Gobierno de Sonora, a trav\u00e9s de la Secretar\u00eda de Econom\u00eda y Turismo (SETUR), sostuvo una reuni\u00f3n con autoridades estatales, federales y representantes de organizaciones vinculadas al turismo cineg\u00e9tico, con el objetivo de definir estrategias que fortalezcan la llegada de visitantes nacionales e internacionales durante la temporada 2025-2026.<\/p>\n<p align=\"left\">\n<p align=\"left\">Gracias al trabajo coordinado, seguro y de calidad que impulsa el gobernador Alfonso Durazo, Sonora se ha consolidado como l\u00edder nacional en la recuperaci\u00f3n de fauna silvestre y como el estado con el mayor n\u00famero de ranchos cineg\u00e9ticos en el pa\u00eds, sumando un total de mil 943 unidades registradas.<\/p>\n<p align=\"left\">\n<p align=\"left\">El secretario de Econom\u00eda y Turismo, Roberto Gradillas Pineda, destac\u00f3 que la temporada dar\u00e1 inicio en octubre y concluir\u00e1 en marzo de 2026, periodo en el que se busca atraer principalmente a turistas de Estados Unidos y Canad\u00e1, con el prop\u00f3sito de impulsar el desarrollo econ\u00f3mico y tur\u00edstico de la entidad.<\/p>\n<p align=\"left\">\n<p align=\"left\">\u201cPor instrucci\u00f3n de nuestro gobernador, Alfonso Durazo, trabajamos para aprovechar el h\u00e1bitat terrestre que tenemos en Sonora, lo que nos permite promover la cacer\u00eda regulada de especies como el borrego cimarr\u00f3n, venado bura, venado cola blanca, coyote, gato mont\u00e9s, zorra gris, liebres y conejos\u201d, se\u00f1al\u00f3.<\/p>\n<p align=\"left\">\n<p align=\"left\">Asimismo, se acord\u00f3 impulsar un turismo cineg\u00e9tico en cumplimiento estricto de las normas ambientales, migratorias y aduanales. Para ello, el Gobierno de Sonora propuso la instalaci\u00f3n de un m\u00f3dulo especializado dentro del Aeropuerto Internacional de Hermosillo, buscando facilitar los tr\u00e1mites y garantizar la pr\u00e1ctica responsable de esta importante industria tur\u00edstica.<\/p>\n","protected":false},"excerpt":{"rendered":"<p>Hermosillo, Sonora; 11 de septiembre de 2025.- El Gobierno de Sonora, a trav\u00e9s de la Secretar\u00eda de Econom\u00eda y Turismo (SETUR), sostuvo una reuni\u00f3n con autoridades estatales, federales y representantes de organizaciones vinculadas al turismo cineg\u00e9tico, con el objetivo de definir estrategias que fortalezcan la llegada de visitantes nacionales e internacionales durante la temporada 2025-2026. [&hellip;]<\/p>\n","protected":false},"author":2,"featured_media":229213,"comment_status":"closed","ping_status":"closed","sticky":false,"template":"","format":"standard","meta":{"footnotes":""},"categories":[12870,178],"tags":[12865,12869],"class_list":["post-229212","post","type-post","status-publish","format-standard","has-post-thumbnail","hentry","category-destacadas","category-local","tag-destacadas","tag-local"],"jetpack_featured_media_url":"https:\/\/rnoticias.com.mx\/Portal\/wp-content\/uploads\/2025\/09\/90s.jpg","amp_enabled":true,"_links":{"self":[{"href":"https:\/\/rnoticias.com.mx\/Portal\/wp-json\/wp\/v2\/posts\/229212","targetHints":{"allow":["GET"]}}],"collection":[{"href":"https:\/\/rnoticias.com.mx\/Portal\/wp-json\/wp\/v2\/posts"}],"about":[{"href":"https:\/\/rnoticias.com.mx\/Portal\/wp-json\/wp\/v2\/types\/post"}],"author":[{"embeddable":true,"href":"https:\/\/rnoticias.com.mx\/Portal\/wp-json\/wp\/v2\/users\/2"}],"replies":[{"embeddable":true,"href":"https:\/\/rnoticias.com.mx\/Portal\/wp-json\/wp\/v2\/comments?post=229212"}],"version-history":[{"count":1,"href":"https:\/\/rnoticias.com.mx\/Portal\/wp-json\/wp\/v2\/posts\/229212\/revisions"}],"predecessor-version":[{"id":229214,"href":"https:\/\/rnoticias.com.mx\/Portal\/wp-json\/wp\/v2\/posts\/229212\/revisions\/229214"}],"wp:featuredmedia":[{"embeddable":true,"href":"https:\/\/rnoticias.com.mx\/Portal\/wp-json\/wp\/v2\/media\/229213"}],"wp:attachment":[{"href":"https:\/\/rnoticias.com.mx\/Portal\/wp-json\/wp\/v2\/media?parent=229212"}],"wp:term":[{"taxonomy":"category","embeddable":true,"href":"https:\/\/rnoticias.com.mx\/Portal\/wp-json\/wp\/v2\/categories?post=229212"},{"taxonomy":"post_tag","embeddable":true,"href":"https:\/\/rnoticias.com.mx\/Portal\/wp-json\/wp\/v2\/tags?post=229212"}],"curies":[{"name":"wp","href":"https:\/\/api.w.org\/{rel}","templated":true}]}}