{"id":229209,"date":"2025-09-11T12:43:42","date_gmt":"2025-09-11T19:43:42","guid":{"rendered":"https:\/\/rnoticias.com.mx\/Portal\/?p=229209"},"modified":"2025-09-11T12:43:42","modified_gmt":"2025-09-11T19:43:42","slug":"concientiza-gobierno-de-sonora-a-estudiantes-de-bachillerato-sobre-implicaciones-de-la-violencia-cibernetica","status":"publish","type":"post","link":"https:\/\/rnoticias.com.mx\/Portal\/2025\/09\/11\/concientiza-gobierno-de-sonora-a-estudiantes-de-bachillerato-sobre-implicaciones-de-la-violencia-cibernetica\/","title":{"rendered":"Concientiza Gobierno de Sonora a estudiantes de bachillerato sobre implicaciones de la violencia cibern\u00e9tica"},"content":{"rendered":"<p>Hermosillo, Sonora; 11 de septiembre de 2025.- Para crear conciencia entre las y los j\u00f3venes sobre las implicaciones de la violencia cibern\u00e9tica, la Secretar\u00eda de Seguridad P\u00fablica (SSP) del Gobierno de Sonora imparte sesiones informativas en centros educativos, invitando a utilizar internet de forma segura.<\/p>\n<p>La Unidad Cibern\u00e9tica de la SSP Sonora, como parte de su funci\u00f3n preventiva, coordin\u00f3 esta semana acciones con directivos del plantel La Salle en Hermosillo para impartir a 311 estudiantes y personal docente una pl\u00e1tica en la que se expusieron los riesgos y consecuencias del ciberbullying, adem\u00e1s de ofrecer herramientas para prevenir el acoso en entornos digitales.<\/p>\n<p>Durante esta sesi\u00f3n, en la Preparatoria La Salle Hermosillo, tambi\u00e9n particip\u00f3 personal del Centro de Control, Comando, Comunicaci\u00f3n, C\u00f3mputo, Coordinaci\u00f3n e Inteligencia (C5I) para impulsar la cultura del uso responsable de la l\u00ednea 9-1-1, haciendo \u00e9nfasis en que en una situaci\u00f3n de emergencia cada segundo cuenta.<\/p>\n<p>El equipo del C5I Sonora tambi\u00e9n expuso la funci\u00f3n de la l\u00ednea 089, donde la ciudadan\u00eda puede denunciar delitos de forma an\u00f3nima y segura, e invit\u00f3 a las y los estudiantes a descargar las aplicaciones m\u00f3viles preventivas Antiextorsi\u00f3n Sonora y Mujeres Seguras.<\/p>\n","protected":false},"excerpt":{"rendered":"<p>Hermosillo, Sonora; 11 de septiembre de 2025.- Para crear conciencia entre las y los j\u00f3venes sobre las implicaciones de la violencia cibern\u00e9tica, la Secretar\u00eda de Seguridad P\u00fablica (SSP) del Gobierno de Sonora imparte sesiones informativas en centros educativos, invitando a utilizar internet de forma segura. La Unidad Cibern\u00e9tica de la SSP Sonora, como parte de [&hellip;]<\/p>\n","protected":false},"author":2,"featured_media":229210,"comment_status":"closed","ping_status":"closed","sticky":false,"template":"","format":"standard","meta":{"footnotes":""},"categories":[12870,178],"tags":[12865,12869],"class_list":["post-229209","post","type-post","status-publish","format-standard","has-post-thumbnail","hentry","category-destacadas","category-local","tag-destacadas","tag-local"],"jetpack_featured_media_url":"https:\/\/rnoticias.com.mx\/Portal\/wp-content\/uploads\/2025\/09\/242.jpg","amp_enabled":true,"_links":{"self":[{"href":"https:\/\/rnoticias.com.mx\/Portal\/wp-json\/wp\/v2\/posts\/229209","targetHints":{"allow":["GET"]}}],"collection":[{"href":"https:\/\/rnoticias.com.mx\/Portal\/wp-json\/wp\/v2\/posts"}],"about":[{"href":"https:\/\/rnoticias.com.mx\/Portal\/wp-json\/wp\/v2\/types\/post"}],"author":[{"embeddable":true,"href":"https:\/\/rnoticias.com.mx\/Portal\/wp-json\/wp\/v2\/users\/2"}],"replies":[{"embeddable":true,"href":"https:\/\/rnoticias.com.mx\/Portal\/wp-json\/wp\/v2\/comments?post=229209"}],"version-history":[{"count":1,"href":"https:\/\/rnoticias.com.mx\/Portal\/wp-json\/wp\/v2\/posts\/229209\/revisions"}],"predecessor-version":[{"id":229211,"href":"https:\/\/rnoticias.com.mx\/Portal\/wp-json\/wp\/v2\/posts\/229209\/revisions\/229211"}],"wp:featuredmedia":[{"embeddable":true,"href":"https:\/\/rnoticias.com.mx\/Portal\/wp-json\/wp\/v2\/media\/229210"}],"wp:attachment":[{"href":"https:\/\/rnoticias.com.mx\/Portal\/wp-json\/wp\/v2\/media?parent=229209"}],"wp:term":[{"taxonomy":"category","embeddable":true,"href":"https:\/\/rnoticias.com.mx\/Portal\/wp-json\/wp\/v2\/categories?post=229209"},{"taxonomy":"post_tag","embeddable":true,"href":"https:\/\/rnoticias.com.mx\/Portal\/wp-json\/wp\/v2\/tags?post=229209"}],"curies":[{"name":"wp","href":"https:\/\/api.w.org\/{rel}","templated":true}]}}