{"id":229195,"date":"2025-09-11T10:52:55","date_gmt":"2025-09-11T17:52:55","guid":{"rendered":"https:\/\/rnoticias.com.mx\/Portal\/?p=229195"},"modified":"2025-09-11T10:52:55","modified_gmt":"2025-09-11T17:52:55","slug":"trump-recuerda-a-las-victimas-del-11-de-septiembre-con-acto-en-el-pentagono","status":"publish","type":"post","link":"https:\/\/rnoticias.com.mx\/Portal\/2025\/09\/11\/trump-recuerda-a-las-victimas-del-11-de-septiembre-con-acto-en-el-pentagono\/","title":{"rendered":"Trump recuerda a las v\u00edctimas del 11 de septiembre con acto en el Pent\u00e1gono"},"content":{"rendered":"<p><mark><strong>El presidente de Estados Unidos, Donald Trump, record\u00f3 este jueves en una ceremonia solemne en el Pent\u00e1gono a las v\u00edctimas de los atentados del 11 de septiembre de 2001 en Nueva York y Washington.<\/strong><\/mark><\/p>\n<p><strong>&#8220;Esa ma\u00f1ana terrible, hace 24 a\u00f1os, el tiempo se detuvo&#8221;,\u00a0<\/strong>dijo el mandatario.<\/p>\n<p>&#8220;Hoy, como una sola naci\u00f3n, renovamos nuestro voto sagrado de que<strong>\u00a0nunca olvidaremos el 11 de septiembre de 2001&#8243;<\/strong>, se\u00f1al\u00f3 Trump.<\/p>\n<p>El acto, al que tambi\u00e9n asisti\u00f3 la primera dama, Melania Trump, y el secretario de Guerra, Pete Hegseth, comenz\u00f3 con\u00a0<mark><strong>la colocaci\u00f3n de ofrendas y la lectura de los nombres de 125 fallecidos en el cuartel general de las Fuerzas Armadas tras el impacto de un avi\u00f3n -cuyas 59 personas tambi\u00e9n murieron-\u00a0<\/strong><\/mark>el mismo d\u00eda en el que tambi\u00e9n fueron destruidas las Torres Gemelas en Nueva York.<\/p>\n<p>Al inicio de su intervenci\u00f3n, Trump record\u00f3 a su estrecho aliado, el comentarista conservador Charlie Kirk, asesinado en un &#8220;atroz&#8221; atentado este mi\u00e9rcoles.\u00a0<strong>&#8220;Lo extra\u00f1amos much\u00edsimo&#8221;, agreg\u00f3 antes de anunciar que otorgar\u00eda al activista la Medalla Presidencial de la Libertad de manera p\u00f3stuma.<\/strong><\/p>\n<p><strong>Cerca de 3 mil personas perdieron la vida el 11 de septiembre de 2001, cuando un grupo de terroristas de Al Qaeda secuestr\u00f3 cuatro aviones comerciales: dos fueron estrellados contra las Torres Gemelas de Nueva York,<\/strong>\u00a0uno contra el Pent\u00e1gono y otro cay\u00f3 en Pensilvania, luego de que los pasajeros intentaran retomar el control de la aeronave.<\/p>\n<p><mark><strong>&#8220;En ese fat\u00eddico d\u00eda, monstruos salvajes atacaron los s\u00edmbolos mismos de nuestra civilizaci\u00f3n.\u00a0<\/strong><\/mark>Sin embargo, aqu\u00ed en Virginia (sede del Pent\u00e1gono, a las afueras de Washington), en Nueva York y en los cielos de Pensilvania, los estadounidenses no dudaron. Se mantuvieron firmes y demostraron al mundo que jam\u00e1s cederemos, jam\u00e1s nos doblegaremos, jam\u00e1s nos rendiremos&#8221;, insisti\u00f3.<\/p>\n<p>Con semblante y tono solemne, Trump comparti\u00f3 varias historias personales de las v\u00edctimas y envi\u00f3 un mensaje de condolencias a los familiares, que<strong>\u00a0&#8220;todav\u00eda sienten el vac\u00edo dejado por sus seres queridos cada d\u00eda de sus vidas&#8221;.<\/strong><\/p>\n<p><mark><strong>Trump tambi\u00e9n insisti\u00f3 en que la captura y asesinato del l\u00edder de Al Qaeda, Osama bin Laden, demostr\u00f3 la supremac\u00eda de la naci\u00f3n estadounidense.<\/strong><\/mark>\u00a0&#8220;Esto envi\u00f3 un mensaje inequ\u00edvoco a todos los enemigos del mundo: si atacan a los Estados Unidos, los perseguiremos y los encontraremos&#8221;.<\/p>\n<p>Al igual que en Washington, Nueva York record\u00f3 a las casi 3 mil personas que murieron durante y despu\u00e9s de los ataques a las Torres Gemelas,<strong>\u00a0entre ellas empleados de diversas empresas que ten\u00edan oficinas en los edificios, bomberos, polic\u00edas y personal m\u00e9dico.<\/strong><\/p>\n<p><mark><strong>A 24 a\u00f1os del suceso, la Oficina de Medicina Forense en la Ciudad de Nueva York inform\u00f3 que a\u00fan quedan m\u00e1s de mil v\u00edctimas sin identificar.<\/strong><\/mark><\/p>\n","protected":false},"excerpt":{"rendered":"<p>El presidente de Estados Unidos, Donald Trump, record\u00f3 este jueves en una ceremonia solemne en el Pent\u00e1gono a las v\u00edctimas de los atentados del 11 de septiembre de 2001 en Nueva York y Washington. &#8220;Esa ma\u00f1ana terrible, hace 24 a\u00f1os, el tiempo se detuvo&#8221;,\u00a0dijo el mandatario. &#8220;Hoy, como una sola naci\u00f3n, renovamos nuestro voto sagrado [&hellip;]<\/p>\n","protected":false},"author":2,"featured_media":229196,"comment_status":"closed","ping_status":"closed","sticky":false,"template":"","format":"standard","meta":{"footnotes":""},"categories":[12870,182],"tags":[12865,12871],"class_list":["post-229195","post","type-post","status-publish","format-standard","has-post-thumbnail","hentry","category-destacadas","category-internacional","tag-destacadas","tag-internacional"],"jetpack_featured_media_url":"https:\/\/rnoticias.com.mx\/Portal\/wp-content\/uploads\/2025\/09\/us-marks-24th-anniversary-of-the-9-11-attacks-2.webp","amp_enabled":true,"_links":{"self":[{"href":"https:\/\/rnoticias.com.mx\/Portal\/wp-json\/wp\/v2\/posts\/229195","targetHints":{"allow":["GET"]}}],"collection":[{"href":"https:\/\/rnoticias.com.mx\/Portal\/wp-json\/wp\/v2\/posts"}],"about":[{"href":"https:\/\/rnoticias.com.mx\/Portal\/wp-json\/wp\/v2\/types\/post"}],"author":[{"embeddable":true,"href":"https:\/\/rnoticias.com.mx\/Portal\/wp-json\/wp\/v2\/users\/2"}],"replies":[{"embeddable":true,"href":"https:\/\/rnoticias.com.mx\/Portal\/wp-json\/wp\/v2\/comments?post=229195"}],"version-history":[{"count":1,"href":"https:\/\/rnoticias.com.mx\/Portal\/wp-json\/wp\/v2\/posts\/229195\/revisions"}],"predecessor-version":[{"id":229197,"href":"https:\/\/rnoticias.com.mx\/Portal\/wp-json\/wp\/v2\/posts\/229195\/revisions\/229197"}],"wp:featuredmedia":[{"embeddable":true,"href":"https:\/\/rnoticias.com.mx\/Portal\/wp-json\/wp\/v2\/media\/229196"}],"wp:attachment":[{"href":"https:\/\/rnoticias.com.mx\/Portal\/wp-json\/wp\/v2\/media?parent=229195"}],"wp:term":[{"taxonomy":"category","embeddable":true,"href":"https:\/\/rnoticias.com.mx\/Portal\/wp-json\/wp\/v2\/categories?post=229195"},{"taxonomy":"post_tag","embeddable":true,"href":"https:\/\/rnoticias.com.mx\/Portal\/wp-json\/wp\/v2\/tags?post=229195"}],"curies":[{"name":"wp","href":"https:\/\/api.w.org\/{rel}","templated":true}]}}