{"id":229178,"date":"2025-09-10T18:11:46","date_gmt":"2025-09-11T01:11:46","guid":{"rendered":"https:\/\/rnoticias.com.mx\/Portal\/?p=229178"},"modified":"2025-09-10T18:11:46","modified_gmt":"2025-09-11T01:11:46","slug":"paquete-economico-2026-fortalece-derechos-sociales-e-impulsa-inversion-estrategica-heriberto-aguilar","status":"publish","type":"post","link":"https:\/\/rnoticias.com.mx\/Portal\/2025\/09\/10\/paquete-economico-2026-fortalece-derechos-sociales-e-impulsa-inversion-estrategica-heriberto-aguilar\/","title":{"rendered":"Paquete Econ\u00f3mico 2026 fortalece derechos sociales e impulsa inversi\u00f3n estrat\u00e9gica: Heriberto Aguilar"},"content":{"rendered":"<p>Hermosillo, Sonora, 10 de septiembre de 2025.<br \/>\nEl Paquete Econ\u00f3mico 2026 reafirma que la pol\u00edtica econ\u00f3mica del gobierno de la transformaci\u00f3n tiene como prioridad al pueblo, al garantizar la continuidad de los Programas de Bienestar y ampliar la inversi\u00f3n en educaci\u00f3n, salud, vivienda, agua, trenes y carreteras, afirm\u00f3 el senador por Sonora, Heriberto Aguilar Castillo.<\/p>\n<p>El legislador subray\u00f3 que el proyecto estima ingresos por 8.7 billones de pesos, cifra hist\u00f3rica que confirma la solidez de las finanzas p\u00fablicas y el compromiso con la estabilidad macroecon\u00f3mica. Record\u00f3 que estos recursos destinan alrededor del 3 % del PIB a Programas de Bienestar, lo que permitir\u00e1 que m\u00e1s del 80 % de las familias mexicanas sean beneficiadas.<\/p>\n<p>Aguilar Castillo puntualiz\u00f3 que gracias a este presupuesto, m\u00e1s de 1 mill\u00f3n de sonorenses reciben apoyos y recursos del gobierno, lo que ha permitido que m\u00e1s de medio mill\u00f3n salgan de la pobreza, y que a nivel nacional 13.5 millones de personas hayan dejado atr\u00e1s esa condici\u00f3n. Destac\u00f3 que al Senado le corresponde analizar y aprobar la parte relativa a la Ley de Ingresos, que asegura los recursos necesarios para sostener los programas sociales y la inversi\u00f3n estrat\u00e9gica.<\/p>\n<p>El senador reconoci\u00f3 que este proyecto refleja la visi\u00f3n de la presidenta Claudia Sheinbaum, quien impulsa una pol\u00edtica econ\u00f3mica humanista, responsable y cercana al pueblo. \u201cCon su liderazgo se consolidan programas sociales, se impulsa la inversi\u00f3n estrat\u00e9gica y se fortalece el segundo piso de la transformaci\u00f3n\u201d, expres\u00f3.<\/p>\n<p>Frente a versiones de la oposici\u00f3n, aclar\u00f3 que la realidad es contundente: no se trata de hipotecar el futuro, sino de invertirlo en bienestar y crecimiento. \u201cLa pol\u00edtica econ\u00f3mica que hoy defendemos es la misma que ha permitido que M\u00e9xico tenga empleo hist\u00f3rico, inflaci\u00f3n controlada e inversi\u00f3n extranjera r\u00e9cord. Es un presupuesto humanista que, sienta las bases de una aut\u00e9ntica prosperidad compartida\u201d, dijo el tambi\u00e9n fundador de Morena.<\/p>\n","protected":false},"excerpt":{"rendered":"<p>Hermosillo, Sonora, 10 de septiembre de 2025. El Paquete Econ\u00f3mico 2026 reafirma que la pol\u00edtica econ\u00f3mica del gobierno de la transformaci\u00f3n tiene como prioridad al pueblo, al garantizar la continuidad de los Programas de Bienestar y ampliar la inversi\u00f3n en educaci\u00f3n, salud, vivienda, agua, trenes y carreteras, afirm\u00f3 el senador por Sonora, Heriberto Aguilar Castillo. [&hellip;]<\/p>\n","protected":false},"author":2,"featured_media":229179,"comment_status":"closed","ping_status":"closed","sticky":false,"template":"","format":"standard","meta":{"footnotes":""},"categories":[12870,12868],"tags":[12865,12879],"class_list":["post-229178","post","type-post","status-publish","format-standard","has-post-thumbnail","hentry","category-destacadas","category-politica","tag-destacadas","tag-politica"],"jetpack_featured_media_url":"https:\/\/rnoticias.com.mx\/Portal\/wp-content\/uploads\/2025\/09\/8790i-scaled.jpg","amp_enabled":true,"_links":{"self":[{"href":"https:\/\/rnoticias.com.mx\/Portal\/wp-json\/wp\/v2\/posts\/229178","targetHints":{"allow":["GET"]}}],"collection":[{"href":"https:\/\/rnoticias.com.mx\/Portal\/wp-json\/wp\/v2\/posts"}],"about":[{"href":"https:\/\/rnoticias.com.mx\/Portal\/wp-json\/wp\/v2\/types\/post"}],"author":[{"embeddable":true,"href":"https:\/\/rnoticias.com.mx\/Portal\/wp-json\/wp\/v2\/users\/2"}],"replies":[{"embeddable":true,"href":"https:\/\/rnoticias.com.mx\/Portal\/wp-json\/wp\/v2\/comments?post=229178"}],"version-history":[{"count":1,"href":"https:\/\/rnoticias.com.mx\/Portal\/wp-json\/wp\/v2\/posts\/229178\/revisions"}],"predecessor-version":[{"id":229180,"href":"https:\/\/rnoticias.com.mx\/Portal\/wp-json\/wp\/v2\/posts\/229178\/revisions\/229180"}],"wp:featuredmedia":[{"embeddable":true,"href":"https:\/\/rnoticias.com.mx\/Portal\/wp-json\/wp\/v2\/media\/229179"}],"wp:attachment":[{"href":"https:\/\/rnoticias.com.mx\/Portal\/wp-json\/wp\/v2\/media?parent=229178"}],"wp:term":[{"taxonomy":"category","embeddable":true,"href":"https:\/\/rnoticias.com.mx\/Portal\/wp-json\/wp\/v2\/categories?post=229178"},{"taxonomy":"post_tag","embeddable":true,"href":"https:\/\/rnoticias.com.mx\/Portal\/wp-json\/wp\/v2\/tags?post=229178"}],"curies":[{"name":"wp","href":"https:\/\/api.w.org\/{rel}","templated":true}]}}