{"id":229172,"date":"2025-09-10T18:09:59","date_gmt":"2025-09-11T01:09:59","guid":{"rendered":"https:\/\/rnoticias.com.mx\/Portal\/?p=229172"},"modified":"2025-09-10T18:09:59","modified_gmt":"2025-09-11T01:09:59","slug":"fortalece-gobierno-de-sonora-estabilidad-laboral-en-beneficio-de-trabajadores-de-cecyte-sec","status":"publish","type":"post","link":"https:\/\/rnoticias.com.mx\/Portal\/2025\/09\/10\/fortalece-gobierno-de-sonora-estabilidad-laboral-en-beneficio-de-trabajadores-de-cecyte-sec\/","title":{"rendered":"Fortalece Gobierno de Sonora estabilidad laboral en beneficio de trabajadores de Cecyte: SEC"},"content":{"rendered":"<p align=\"left\">Hermosillo, Sonora; 10 de septiembre de 2025.- Como parte del compromiso del Gobierno de Sonora, de consolidar la estabilidad laboral en la entidad, el Colegio de Estudios Cient\u00edficos y Tecnol\u00f3gicos del Estado de Sonora (Cecyte Sonora) y el Sindicato de Trabajadores de Cecyte Sonora (Sitcecyte) firmaron el contrato colectivo de trabajo correspondiente al a\u00f1o 2025.<\/p>\n<p align=\"left\">\n<p align=\"left\">Los secretarios de Educaci\u00f3n y Cultura (SEC), Froyl\u00e1n G\u00e1mez Gamboa, as\u00ed como del Trabajo, David Fernando Soto Alday, atestiguaron la firma del documento que establece los derechos y obligaciones laborales de las y los trabajadores del subsistema de educaci\u00f3n media superior, lo que representa un avance significativo en beneficio de la comunidad educativa en general.<\/p>\n<p align=\"left\">\n<p align=\"left\">Ambos funcionarios coincidieron que, con este acuerdo, se lograron beneficios clave que fortalecen las condiciones laborales y el bienestar del personal docente y administrativo de Cecyte Sonora, ya que el contrato colectivo contempla aspectos como incremento salarial del 4 por ciento, condiciones dignas de trabajo, entre otros derechos fundamentales para el desarrollo profesional y humano del personal.<\/p>\n<p align=\"left\">\n<p align=\"left\">Durante la firma, la directora general de Cecyte, Blanca Aurelia Valenzuela, destac\u00f3 el respaldo y compromiso del Gobierno de Sonora, as\u00ed como la voluntad de di\u00e1logo del sindicato, representado por su secretario general, Ram\u00f3n Antonio Gast\u00e9lum Lerma, lo que deriv\u00f3 en una negociaci\u00f3n favorable y respetuosa que pone en el centro a las y los trabajadores del sistema educativo.<\/p>\n<p align=\"left\">\n<p align=\"left\">Subray\u00f3 que la firma del documento no solo brinda certeza a quienes integran la comunidad Cecyte, sino que tambi\u00e9n refleja el compromiso del gobernador Alfonso Durazo con la educaci\u00f3n de calidad, la justicia laboral y la mejora continua del servicio educativo.<\/p>\n<p align=\"left\">\n<p align=\"left\">Cabe aclarar que la revisi\u00f3n del Contrato Colectivo de Trabajo se realiza cada dos a\u00f1os, donde lo sustantivo es el referido al incremento salarial nacional al ramo educativo del 4 por ciento retroactivo al 1 de febrero del 2025 y adicionalmente un incremento entre el 0.5 y 2 por ciento para los que menos ganan, as\u00ed como otras prestaciones reflejadas en el tabulador federal.<\/p>\n","protected":false},"excerpt":{"rendered":"<p>Hermosillo, Sonora; 10 de septiembre de 2025.- Como parte del compromiso del Gobierno de Sonora, de consolidar la estabilidad laboral en la entidad, el Colegio de Estudios Cient\u00edficos y Tecnol\u00f3gicos del Estado de Sonora (Cecyte Sonora) y el Sindicato de Trabajadores de Cecyte Sonora (Sitcecyte) firmaron el contrato colectivo de trabajo correspondiente al a\u00f1o 2025. [&hellip;]<\/p>\n","protected":false},"author":2,"featured_media":229173,"comment_status":"closed","ping_status":"closed","sticky":false,"template":"","format":"standard","meta":{"footnotes":""},"categories":[178],"tags":[12869],"class_list":["post-229172","post","type-post","status-publish","format-standard","has-post-thumbnail","hentry","category-local","tag-local"],"jetpack_featured_media_url":"https:\/\/rnoticias.com.mx\/Portal\/wp-content\/uploads\/2025\/09\/67789.jpg","amp_enabled":true,"_links":{"self":[{"href":"https:\/\/rnoticias.com.mx\/Portal\/wp-json\/wp\/v2\/posts\/229172","targetHints":{"allow":["GET"]}}],"collection":[{"href":"https:\/\/rnoticias.com.mx\/Portal\/wp-json\/wp\/v2\/posts"}],"about":[{"href":"https:\/\/rnoticias.com.mx\/Portal\/wp-json\/wp\/v2\/types\/post"}],"author":[{"embeddable":true,"href":"https:\/\/rnoticias.com.mx\/Portal\/wp-json\/wp\/v2\/users\/2"}],"replies":[{"embeddable":true,"href":"https:\/\/rnoticias.com.mx\/Portal\/wp-json\/wp\/v2\/comments?post=229172"}],"version-history":[{"count":1,"href":"https:\/\/rnoticias.com.mx\/Portal\/wp-json\/wp\/v2\/posts\/229172\/revisions"}],"predecessor-version":[{"id":229174,"href":"https:\/\/rnoticias.com.mx\/Portal\/wp-json\/wp\/v2\/posts\/229172\/revisions\/229174"}],"wp:featuredmedia":[{"embeddable":true,"href":"https:\/\/rnoticias.com.mx\/Portal\/wp-json\/wp\/v2\/media\/229173"}],"wp:attachment":[{"href":"https:\/\/rnoticias.com.mx\/Portal\/wp-json\/wp\/v2\/media?parent=229172"}],"wp:term":[{"taxonomy":"category","embeddable":true,"href":"https:\/\/rnoticias.com.mx\/Portal\/wp-json\/wp\/v2\/categories?post=229172"},{"taxonomy":"post_tag","embeddable":true,"href":"https:\/\/rnoticias.com.mx\/Portal\/wp-json\/wp\/v2\/tags?post=229172"}],"curies":[{"name":"wp","href":"https:\/\/api.w.org\/{rel}","templated":true}]}}