{"id":229166,"date":"2025-09-10T18:08:31","date_gmt":"2025-09-11T01:08:31","guid":{"rendered":"https:\/\/rnoticias.com.mx\/Portal\/?p=229166"},"modified":"2025-09-10T18:08:31","modified_gmt":"2025-09-11T01:08:31","slug":"gobierno-de-sonora-mantiene-presencia-permanente-en-bahia-de-kino-tras-el-paso-de-lorena","status":"publish","type":"post","link":"https:\/\/rnoticias.com.mx\/Portal\/2025\/09\/10\/gobierno-de-sonora-mantiene-presencia-permanente-en-bahia-de-kino-tras-el-paso-de-lorena\/","title":{"rendered":"Gobierno de Sonora mantiene presencia permanente en Bah\u00eda de Kino tras el paso de Lorena"},"content":{"rendered":"<p>Bah\u00eda de Kino, Sonora; 10 de septiembre de 2025.- El Gobierno del Sonora, a trav\u00e9s de la coordinaci\u00f3n de la Secretar\u00eda de Gobierno, mantiene presencia permanente en Bah\u00eda de Kino para atender a la poblaci\u00f3n afectada tras el paso del fen\u00f3meno meteorol\u00f3gico Lorena.<\/p>\n<p>Se llevaron a cabo acciones de proximidad social con una comitiva integrada por personal de la Coordinaci\u00f3n Estatal de Protecci\u00f3n Civil, Secretar\u00eda de Bienestar, Secretar\u00eda de Infraestructura y la Junta de Caminos.<\/p>\n<p>Durante los recorridos casa por casa, se entregaron colchonetas, cobijas, kits de higiene y atenci\u00f3n prehospitalaria a familias en condici\u00f3n de vulnerabilidad. Asimismo, se realiz\u00f3 un censo de da\u00f1os para evaluar las afectaciones ocasionadas por el fen\u00f3meno natural y se inspeccion\u00f3 el estado de las v\u00edas de comunicaci\u00f3n e instalaciones estrat\u00e9gicas de la comunidad.<\/p>\n<p>El Gobierno de Sonora reafirma su compromiso de trabajar de manera cercana con la ciudadan\u00eda, garantizando atenci\u00f3n oportuna, apoyo solidario y comunicaci\u00f3n directa con las y los habitantes de Bah\u00eda de Kino, para avanzar en la recuperaci\u00f3n y restablecimiento de la normalidad.<\/p>\n","protected":false},"excerpt":{"rendered":"<p>Bah\u00eda de Kino, Sonora; 10 de septiembre de 2025.- El Gobierno del Sonora, a trav\u00e9s de la coordinaci\u00f3n de la Secretar\u00eda de Gobierno, mantiene presencia permanente en Bah\u00eda de Kino para atender a la poblaci\u00f3n afectada tras el paso del fen\u00f3meno meteorol\u00f3gico Lorena. Se llevaron a cabo acciones de proximidad social con una comitiva integrada [&hellip;]<\/p>\n","protected":false},"author":2,"featured_media":229167,"comment_status":"closed","ping_status":"closed","sticky":false,"template":"","format":"standard","meta":{"footnotes":""},"categories":[178],"tags":[12869],"class_list":["post-229166","post","type-post","status-publish","format-standard","has-post-thumbnail","hentry","category-local","tag-local"],"jetpack_featured_media_url":"https:\/\/rnoticias.com.mx\/Portal\/wp-content\/uploads\/2025\/09\/unnamed-31.jpg","amp_enabled":true,"_links":{"self":[{"href":"https:\/\/rnoticias.com.mx\/Portal\/wp-json\/wp\/v2\/posts\/229166","targetHints":{"allow":["GET"]}}],"collection":[{"href":"https:\/\/rnoticias.com.mx\/Portal\/wp-json\/wp\/v2\/posts"}],"about":[{"href":"https:\/\/rnoticias.com.mx\/Portal\/wp-json\/wp\/v2\/types\/post"}],"author":[{"embeddable":true,"href":"https:\/\/rnoticias.com.mx\/Portal\/wp-json\/wp\/v2\/users\/2"}],"replies":[{"embeddable":true,"href":"https:\/\/rnoticias.com.mx\/Portal\/wp-json\/wp\/v2\/comments?post=229166"}],"version-history":[{"count":1,"href":"https:\/\/rnoticias.com.mx\/Portal\/wp-json\/wp\/v2\/posts\/229166\/revisions"}],"predecessor-version":[{"id":229168,"href":"https:\/\/rnoticias.com.mx\/Portal\/wp-json\/wp\/v2\/posts\/229166\/revisions\/229168"}],"wp:featuredmedia":[{"embeddable":true,"href":"https:\/\/rnoticias.com.mx\/Portal\/wp-json\/wp\/v2\/media\/229167"}],"wp:attachment":[{"href":"https:\/\/rnoticias.com.mx\/Portal\/wp-json\/wp\/v2\/media?parent=229166"}],"wp:term":[{"taxonomy":"category","embeddable":true,"href":"https:\/\/rnoticias.com.mx\/Portal\/wp-json\/wp\/v2\/categories?post=229166"},{"taxonomy":"post_tag","embeddable":true,"href":"https:\/\/rnoticias.com.mx\/Portal\/wp-json\/wp\/v2\/tags?post=229166"}],"curies":[{"name":"wp","href":"https:\/\/api.w.org\/{rel}","templated":true}]}}