{"id":229160,"date":"2025-09-10T18:02:21","date_gmt":"2025-09-11T01:02:21","guid":{"rendered":"https:\/\/rnoticias.com.mx\/Portal\/?p=229160"},"modified":"2025-09-10T18:02:21","modified_gmt":"2025-09-11T01:02:21","slug":"fortalece-gobierno-de-sonora-bienestar-de-la-poblacion-durante-la-semana-nacional-de-salud-publica-2025","status":"publish","type":"post","link":"https:\/\/rnoticias.com.mx\/Portal\/2025\/09\/10\/fortalece-gobierno-de-sonora-bienestar-de-la-poblacion-durante-la-semana-nacional-de-salud-publica-2025\/","title":{"rendered":"Fortalece Gobierno de Sonora bienestar de la poblaci\u00f3n durante la Semana Nacional de Salud P\u00fablica 2025"},"content":{"rendered":"<p>Hermosillo, Sonora; 10 de septiembre de 2025.- El Gobierno de Sonora, a trav\u00e9s de la Secretar\u00eda de Salud (SSP), se suma a la Semana Nacional de Salud P\u00fablica 2025 con acciones intensivas de promoci\u00f3n, prevenci\u00f3n y atenci\u00f3n primaria. En coordinaci\u00f3n con las 31 entidades federativas y la Ciudad de M\u00e9xico, en Sonora, particularmente en el municipio de Guaymas, se llevan a cabo actividades orientadas a garantizar el acceso cercano y efectivo a los servicios de salud, acercando la atenci\u00f3n a las comunidades.<\/p>\n<p>Estos esfuerzos reflejan el compromiso del Gobierno del Sonora, encabezado por el gobernador Alfonso Durazo, de promover una salud p\u00fablica universal, equitativa y accesible para todas y todos. La salud comienza con la prevenci\u00f3n, y construir un Sonora m\u00e1s sano requiere la participaci\u00f3n activa de la sociedad en su conjunto.<\/p>\n<p>Las actividades iniciaron el pasado s\u00e1bado y se extender\u00e1n durante toda la semana, con un enfoque territorial y comunitario que busca fortalecer la corresponsabilidad ciudadana en materia de salud. El prop\u00f3sito es que los servicios no se limiten a las unidades m\u00e9dicas, sino que lleguen directamente a colonias, comunidades y espacios p\u00fablicos, facilitando el acceso de la poblaci\u00f3n a la atenci\u00f3n preventiva.<\/p>\n<p>Durante el arranque oficial en Guaymas, se cont\u00f3 con la presencia de autoridades de los tres niveles de gobierno. El secretario de Salud, Dr. Jos\u00e9 Luis Alom\u00eda Zegarra, destac\u00f3 la participaci\u00f3n de la Dra. Carla C\u00f3rdoba, presidenta municipal y tambi\u00e9n presidenta de la Red Sonorense de Municipios por la Salud, cuya colaboraci\u00f3n ha sido fundamental en las acciones de prevenci\u00f3n, especialmente en la atenci\u00f3n al brote de dengue, el cual ha mostrado una disminuci\u00f3n sostenida en las \u00faltimas tres semanas gracias al trabajo coordinado.<\/p>\n<p>Tambi\u00e9n se reconoci\u00f3 el esfuerzo conjunto del sector salud en su totalidad, incluyendo a la SSP, IMSS, Issste, Isssteson, as\u00ed como la participaci\u00f3n activa de SEMAR y Defensa, cuyas instituciones se han sumado a esta jornada nacional. Gracias a esta colaboraci\u00f3n, se ofrece atenci\u00f3n integral mediante m\u00f3dulos que brindan vacunaci\u00f3n, detecci\u00f3n oportuna de enfermedades, orientaci\u00f3n en salud mental, nutrici\u00f3n, adicciones y control de padecimientos cr\u00f3nicos.<\/p>\n<p>La Secretar\u00eda de Salud hizo un llamado a la poblaci\u00f3n para participar activamente en esta semana, acudiendo a los m\u00f3dulos instalados en colonias, escuelas, plazas p\u00fablicas y centros comunitarios. Todos los servicios de salud preventiva est\u00e1n disponibles de manera gratuita y abierta a la poblaci\u00f3n, sin importar si cuentan o no con seguridad social.<\/p>\n","protected":false},"excerpt":{"rendered":"<p>Hermosillo, Sonora; 10 de septiembre de 2025.- El Gobierno de Sonora, a trav\u00e9s de la Secretar\u00eda de Salud (SSP), se suma a la Semana Nacional de Salud P\u00fablica 2025 con acciones intensivas de promoci\u00f3n, prevenci\u00f3n y atenci\u00f3n primaria. En coordinaci\u00f3n con las 31 entidades federativas y la Ciudad de M\u00e9xico, en Sonora, particularmente en el [&hellip;]<\/p>\n","protected":false},"author":2,"featured_media":229161,"comment_status":"closed","ping_status":"closed","sticky":false,"template":"","format":"standard","meta":{"footnotes":""},"categories":[178],"tags":[12869],"class_list":["post-229160","post","type-post","status-publish","format-standard","has-post-thumbnail","hentry","category-local","tag-local"],"jetpack_featured_media_url":"https:\/\/rnoticias.com.mx\/Portal\/wp-content\/uploads\/2025\/09\/333332.jpg","amp_enabled":true,"_links":{"self":[{"href":"https:\/\/rnoticias.com.mx\/Portal\/wp-json\/wp\/v2\/posts\/229160","targetHints":{"allow":["GET"]}}],"collection":[{"href":"https:\/\/rnoticias.com.mx\/Portal\/wp-json\/wp\/v2\/posts"}],"about":[{"href":"https:\/\/rnoticias.com.mx\/Portal\/wp-json\/wp\/v2\/types\/post"}],"author":[{"embeddable":true,"href":"https:\/\/rnoticias.com.mx\/Portal\/wp-json\/wp\/v2\/users\/2"}],"replies":[{"embeddable":true,"href":"https:\/\/rnoticias.com.mx\/Portal\/wp-json\/wp\/v2\/comments?post=229160"}],"version-history":[{"count":1,"href":"https:\/\/rnoticias.com.mx\/Portal\/wp-json\/wp\/v2\/posts\/229160\/revisions"}],"predecessor-version":[{"id":229162,"href":"https:\/\/rnoticias.com.mx\/Portal\/wp-json\/wp\/v2\/posts\/229160\/revisions\/229162"}],"wp:featuredmedia":[{"embeddable":true,"href":"https:\/\/rnoticias.com.mx\/Portal\/wp-json\/wp\/v2\/media\/229161"}],"wp:attachment":[{"href":"https:\/\/rnoticias.com.mx\/Portal\/wp-json\/wp\/v2\/media?parent=229160"}],"wp:term":[{"taxonomy":"category","embeddable":true,"href":"https:\/\/rnoticias.com.mx\/Portal\/wp-json\/wp\/v2\/categories?post=229160"},{"taxonomy":"post_tag","embeddable":true,"href":"https:\/\/rnoticias.com.mx\/Portal\/wp-json\/wp\/v2\/tags?post=229160"}],"curies":[{"name":"wp","href":"https:\/\/api.w.org\/{rel}","templated":true}]}}