{"id":229154,"date":"2025-09-10T17:57:12","date_gmt":"2025-09-11T00:57:12","guid":{"rendered":"https:\/\/rnoticias.com.mx\/Portal\/?p=229154"},"modified":"2025-09-10T17:57:12","modified_gmt":"2025-09-11T00:57:12","slug":"gobierno-de-sonora-informa-que-a-partir-de-hoy-y-durante-la-proxima-semana-se-incrementan-las-posibilidades-de-lluvias-en-la-entidad","status":"publish","type":"post","link":"https:\/\/rnoticias.com.mx\/Portal\/2025\/09\/10\/gobierno-de-sonora-informa-que-a-partir-de-hoy-y-durante-la-proxima-semana-se-incrementan-las-posibilidades-de-lluvias-en-la-entidad\/","title":{"rendered":"Gobierno de Sonora informa que a partir de hoy y durante la pr\u00f3xima semana se incrementan las posibilidades de lluvias en la entidad"},"content":{"rendered":"<p>Hermosillo, Sonora; 10 de septiembre de 2025.- El Gobierno del Estado de Sonora, a trav\u00e9s de la Coordinaci\u00f3n Estatal de Protecci\u00f3n Civil (CEPC), informa que a partir de hoy, durante lo que resta de la semana y la pr\u00f3xima, se incrementan las probabilidades de lluvias en el estado.<\/p>\n<p>Los efectos del Monz\u00f3n Mexicano, en interacci\u00f3n con una divergencia, ocasionar\u00e1n tormentas el\u00e9ctricas con lluvias ligeras a moderadas (5 a 25 mm) y fuertes rachas de viento (+60 km\/h), principalmente en el oriente y sur del estado, en horario vespertino y nocturno.<\/p>\n<p>Se mantiene en vigilancia una zona de baja presi\u00f3n sobre el Oc\u00e9ano Pac\u00edfico, la cual pudiera evolucionar a tormenta tropical durante el pr\u00f3ximo fin de semana. Al momento, mantiene un 50 por ciento de probabilidad de desarrollo cicl\u00f3nico durante las pr\u00f3ximas 48 horas.<\/p>\n<p>Adem\u00e1s, durante la tarde-noche de hoy, el Frente Fr\u00edo N\u00famero tres (en el pa\u00eds) se aproximar\u00e1 a la frontera noroeste del estado de Sonora, generando moderadas rachas de viento y un ligero descenso en las temperaturas.<\/p>\n<p>Sin embargo, a pesar del ligero descenso de temperaturas, se espera que se mantenga el ambiente c\u00e1lido, con sensaciones t\u00e9rmicas incluso superiores a los valores que marquen los term\u00f3metros.<\/p>\n<p>Recomendaciones ante lluvias y tormentas:<\/p>\n<p>&#8211; Resguardarse en un lugar seguro durante la presencia de tormentas.<\/p>\n<p>&#8211; Evitar cruzar r\u00edos, arroyos o zonas con encharcamientos.<\/p>\n<p>&#8211; Revisar las condiciones de los desag\u00fces en el hogar.<\/p>\n<p>&#8211; No tirar basura en calles, ya que puede provocar inundaciones al tapar alcantarillas y arroyos.<\/p>\n<p>Recomendaciones ante altas temperaturas:<\/p>\n<p>&#8211; Usar gorra o sombrero.<\/p>\n<p>&#8211; Aplicar bloqueador solar.<\/p>\n<p>&#8211; Evitar la exposici\u00f3n prolongada al sol.<\/p>\n<p>&#8211; Mantenerse bien hidratado durante todo el d\u00eda, prefiriendo agua y evitando bebidas azucaradas.<\/p>\n","protected":false},"excerpt":{"rendered":"<p>Hermosillo, Sonora; 10 de septiembre de 2025.- El Gobierno del Estado de Sonora, a trav\u00e9s de la Coordinaci\u00f3n Estatal de Protecci\u00f3n Civil (CEPC), informa que a partir de hoy, durante lo que resta de la semana y la pr\u00f3xima, se incrementan las probabilidades de lluvias en el estado. Los efectos del Monz\u00f3n Mexicano, en interacci\u00f3n [&hellip;]<\/p>\n","protected":false},"author":2,"featured_media":229155,"comment_status":"closed","ping_status":"closed","sticky":false,"template":"","format":"standard","meta":{"footnotes":""},"categories":[178],"tags":[12869],"class_list":["post-229154","post","type-post","status-publish","format-standard","has-post-thumbnail","hentry","category-local","tag-local"],"jetpack_featured_media_url":"https:\/\/rnoticias.com.mx\/Portal\/wp-content\/uploads\/2025\/09\/8988.jpg","amp_enabled":true,"_links":{"self":[{"href":"https:\/\/rnoticias.com.mx\/Portal\/wp-json\/wp\/v2\/posts\/229154","targetHints":{"allow":["GET"]}}],"collection":[{"href":"https:\/\/rnoticias.com.mx\/Portal\/wp-json\/wp\/v2\/posts"}],"about":[{"href":"https:\/\/rnoticias.com.mx\/Portal\/wp-json\/wp\/v2\/types\/post"}],"author":[{"embeddable":true,"href":"https:\/\/rnoticias.com.mx\/Portal\/wp-json\/wp\/v2\/users\/2"}],"replies":[{"embeddable":true,"href":"https:\/\/rnoticias.com.mx\/Portal\/wp-json\/wp\/v2\/comments?post=229154"}],"version-history":[{"count":1,"href":"https:\/\/rnoticias.com.mx\/Portal\/wp-json\/wp\/v2\/posts\/229154\/revisions"}],"predecessor-version":[{"id":229156,"href":"https:\/\/rnoticias.com.mx\/Portal\/wp-json\/wp\/v2\/posts\/229154\/revisions\/229156"}],"wp:featuredmedia":[{"embeddable":true,"href":"https:\/\/rnoticias.com.mx\/Portal\/wp-json\/wp\/v2\/media\/229155"}],"wp:attachment":[{"href":"https:\/\/rnoticias.com.mx\/Portal\/wp-json\/wp\/v2\/media?parent=229154"}],"wp:term":[{"taxonomy":"category","embeddable":true,"href":"https:\/\/rnoticias.com.mx\/Portal\/wp-json\/wp\/v2\/categories?post=229154"},{"taxonomy":"post_tag","embeddable":true,"href":"https:\/\/rnoticias.com.mx\/Portal\/wp-json\/wp\/v2\/tags?post=229154"}],"curies":[{"name":"wp","href":"https:\/\/api.w.org\/{rel}","templated":true}]}}