{"id":229151,"date":"2025-09-10T17:56:29","date_gmt":"2025-09-11T00:56:29","guid":{"rendered":"https:\/\/rnoticias.com.mx\/Portal\/?p=229151"},"modified":"2025-09-10T17:56:29","modified_gmt":"2025-09-11T00:56:29","slug":"gobernador-durazo-garantiza-respaldo-a-mujeres-con-primera-estancia-temporal-para-victimas-en-situacion-de-violencia","status":"publish","type":"post","link":"https:\/\/rnoticias.com.mx\/Portal\/2025\/09\/10\/gobernador-durazo-garantiza-respaldo-a-mujeres-con-primera-estancia-temporal-para-victimas-en-situacion-de-violencia\/","title":{"rendered":"Gobernador Durazo garantiza respaldo a mujeres con primera Estancia Temporal para V\u00edctimas en Situaci\u00f3n de Violencia"},"content":{"rendered":"<p align=\"left\">Hermosillo, Sonora; 10 de septiembre de 2025.- En un hecho hist\u00f3rico para la protecci\u00f3n de los derechos e integridad de las mujeres y sus familias, a fin de consolidar un Sonora m\u00e1s emp\u00e1tico, solidario y seguro, el gobernador Alfonso Durazo Monta\u00f1o inaugur\u00f3 la primera Estancia Temporal para Mujeres y sus Hijas e Hijos en Situaci\u00f3n de V\u00edctimas de Violencia Extrema, la primera en su tipo en todo el pa\u00eds.<\/p>\n<p align=\"left\">\n<p align=\"left\">Durante el encuentro, acompa\u00f1ado de Lizeth Salcedo Salinas, comisionada Ejecutiva Estatal de Atenci\u00f3n a V\u00edctimas de Sonora; Sheila Hern\u00e1ndez Alcar\u00e1z, secretaria de las Mujeres y representantes de diferentes instituciones, organizaciones y empresarios, el mandatario sonorense enfatiz\u00f3 que este proyecto forma parte del programa de Atenci\u00f3n a Mujeres, Ni\u00f1as y Adolescentes en Situaci\u00f3n de V\u00edctimas de Violencia Extrema, que promueve acciones enfocadas en construir entornos m\u00e1s seguros para las y los sonorenses.<\/p>\n<p align=\"left\">\n<p align=\"left\">\u201cMe da mucho gusto que podamos dar este paso, la inauguraci\u00f3n de estas instalaciones que van a ser un refugio temporal para mujeres, sus hijas, sus hijos, que eventualmente padezcan alg\u00fan problema de violencia; ojal\u00e1 no fuera as\u00ed, pero lamentablemente se dan. Debemos reconocer que en materia de lucha contra la violencia hacia las mujeres, tenemos un gran reto en el estado de Sonora\u201d, sostuvo el gobernador Durazo Monta\u00f1o.<\/p>\n<p align=\"left\">\n<p align=\"left\">Por su parte, la comisionada Ejecutiva Estatal de Atenci\u00f3n a V\u00edctimas de Sonora, Lizeth Salcedo Salinas, se\u00f1al\u00f3 que el programa de Atenci\u00f3n a Mujeres, Ni\u00f1as y Adolescentes en Situaci\u00f3n de V\u00edctimas de Violencia Extrema brindar\u00e1 atenci\u00f3n jur\u00eddica, m\u00e9dica, psicol\u00f3gica especializada, acompa\u00f1amiento social y estrategias de econom\u00eda personal y comunitaria.<\/p>\n<p align=\"left\">\n<p align=\"left\">La estancia temporal representa una inversi\u00f3n superior a los 21 millones de pesos; proyecto que contempla \u00e1reas comunes, de servicio, de atenci\u00f3n, y rec\u00e1maras para atender a 21 familias de manera simult\u00e1nea.<\/p>\n<p align=\"left\">\n<p align=\"left\">El centro cuenta con departamentos, estancia, sala de c\u00f3mputo, sala de asesor\u00eda, consultorio de psicolog\u00eda, patio central y \u00e1rea de lavander\u00eda.<\/p>\n<p align=\"left\">\n<p align=\"left\">Con estas acciones, el gobernador Alfonso Durazo Monta\u00f1o, reafirma su compromiso con las mujeres de Sonora y consciente de la necesidad de su cuidado, con un espacio seguro, donde recibir\u00e1n atenci\u00f3n emocional y f\u00edsica de personal capacitado, as\u00ed como el apoyo necesario para salir adelante junto a sus familias.<\/p>\n","protected":false},"excerpt":{"rendered":"<p>Hermosillo, Sonora; 10 de septiembre de 2025.- En un hecho hist\u00f3rico para la protecci\u00f3n de los derechos e integridad de las mujeres y sus familias, a fin de consolidar un Sonora m\u00e1s emp\u00e1tico, solidario y seguro, el gobernador Alfonso Durazo Monta\u00f1o inaugur\u00f3 la primera Estancia Temporal para Mujeres y sus Hijas e Hijos en Situaci\u00f3n [&hellip;]<\/p>\n","protected":false},"author":2,"featured_media":229152,"comment_status":"closed","ping_status":"closed","sticky":false,"template":"","format":"standard","meta":{"footnotes":""},"categories":[12870,178],"tags":[12865,12869],"class_list":["post-229151","post","type-post","status-publish","format-standard","has-post-thumbnail","hentry","category-destacadas","category-local","tag-destacadas","tag-local"],"jetpack_featured_media_url":"https:\/\/rnoticias.com.mx\/Portal\/wp-content\/uploads\/2025\/09\/76578.jpg","amp_enabled":true,"_links":{"self":[{"href":"https:\/\/rnoticias.com.mx\/Portal\/wp-json\/wp\/v2\/posts\/229151","targetHints":{"allow":["GET"]}}],"collection":[{"href":"https:\/\/rnoticias.com.mx\/Portal\/wp-json\/wp\/v2\/posts"}],"about":[{"href":"https:\/\/rnoticias.com.mx\/Portal\/wp-json\/wp\/v2\/types\/post"}],"author":[{"embeddable":true,"href":"https:\/\/rnoticias.com.mx\/Portal\/wp-json\/wp\/v2\/users\/2"}],"replies":[{"embeddable":true,"href":"https:\/\/rnoticias.com.mx\/Portal\/wp-json\/wp\/v2\/comments?post=229151"}],"version-history":[{"count":1,"href":"https:\/\/rnoticias.com.mx\/Portal\/wp-json\/wp\/v2\/posts\/229151\/revisions"}],"predecessor-version":[{"id":229153,"href":"https:\/\/rnoticias.com.mx\/Portal\/wp-json\/wp\/v2\/posts\/229151\/revisions\/229153"}],"wp:featuredmedia":[{"embeddable":true,"href":"https:\/\/rnoticias.com.mx\/Portal\/wp-json\/wp\/v2\/media\/229152"}],"wp:attachment":[{"href":"https:\/\/rnoticias.com.mx\/Portal\/wp-json\/wp\/v2\/media?parent=229151"}],"wp:term":[{"taxonomy":"category","embeddable":true,"href":"https:\/\/rnoticias.com.mx\/Portal\/wp-json\/wp\/v2\/categories?post=229151"},{"taxonomy":"post_tag","embeddable":true,"href":"https:\/\/rnoticias.com.mx\/Portal\/wp-json\/wp\/v2\/tags?post=229151"}],"curies":[{"name":"wp","href":"https:\/\/api.w.org\/{rel}","templated":true}]}}