{"id":229145,"date":"2025-09-10T17:54:36","date_gmt":"2025-09-11T00:54:36","guid":{"rendered":"https:\/\/rnoticias.com.mx\/Portal\/?p=229145"},"modified":"2025-09-10T17:54:36","modified_gmt":"2025-09-11T00:54:36","slug":"maquiladoras-de-sonora-revisaran-propuesta-de-reforma-a-la-ley-aduanera","status":"publish","type":"post","link":"https:\/\/rnoticias.com.mx\/Portal\/2025\/09\/10\/maquiladoras-de-sonora-revisaran-propuesta-de-reforma-a-la-ley-aduanera\/","title":{"rendered":"Maquiladoras de Sonora revisar\u00e1n propuesta de reforma a la Ley Aduanera"},"content":{"rendered":"<p>Hermosillo, Sonora. Con el objetivo de revisar a fondo los cambios propuestos a la Ley Aduanera, el Consejo Nacional de la Industria Maquiladora y Manufacturera de Exportaci\u00f3n (Index) en Sonora organizar\u00e1 una mesa de an\u00e1lisis en Hermosillo, enfocada en temas clave como permisos, fracciones arancelarias y procedimientos aduaneros.<\/p>\n<p>&nbsp;<\/p>\n<p>Jes\u00fas G\u00e1mez Garc\u00eda, presidente estatal de Index, se\u00f1al\u00f3 que la iniciativa del gobierno federal busca reforzar el combate al contrabando mediante nuevas pr\u00e1cticas de revisi\u00f3n, incluyendo la digitalizaci\u00f3n obligatoria de procesos y una mayor corresponsabilidad legal entre agentes aduanales y empresas.<\/p>\n<p>&nbsp;<\/p>\n<p>\u201cEstamos revisando los planteamientos y generando nuestras propias propuestas para que la reforma realmente se enfoque en atacar el contrabando, que es el objetivo central\u201d, coment\u00f3.<\/p>\n<p>&nbsp;<\/p>\n<p>G\u00e1mez Garc\u00eda, precis\u00f3 que al encuentro asistir\u00e1n representantes del Congreso local, as\u00ed como autoridades de la Secretar\u00eda de Econom\u00eda y Turismo y expertos en comercio exterior.<\/p>\n<p>&nbsp;<\/p>\n<p>&nbsp;<\/p>\n<p>Las reformas tambi\u00e9n contemplan sanciones m\u00e1s estrictas para quienes incurran en irregularidades dentro de las operaciones aduaneras.<\/p>\n<p>&nbsp;<\/p>\n<p>&nbsp;<\/p>\n","protected":false},"excerpt":{"rendered":"<p>Hermosillo, Sonora. Con el objetivo de revisar a fondo los cambios propuestos a la Ley Aduanera, el Consejo Nacional de la Industria Maquiladora y Manufacturera de Exportaci\u00f3n (Index) en Sonora organizar\u00e1 una mesa de an\u00e1lisis en Hermosillo, enfocada en temas clave como permisos, fracciones arancelarias y procedimientos aduaneros. &nbsp; Jes\u00fas G\u00e1mez Garc\u00eda, presidente estatal de [&hellip;]<\/p>\n","protected":false},"author":2,"featured_media":229146,"comment_status":"closed","ping_status":"closed","sticky":false,"template":"","format":"standard","meta":{"footnotes":""},"categories":[12870,178],"tags":[12865,12869],"class_list":["post-229145","post","type-post","status-publish","format-standard","has-post-thumbnail","hentry","category-destacadas","category-local","tag-destacadas","tag-local"],"jetpack_featured_media_url":"https:\/\/rnoticias.com.mx\/Portal\/wp-content\/uploads\/2025\/09\/ley-aduanera-mexico-shopeando.webp","amp_enabled":true,"_links":{"self":[{"href":"https:\/\/rnoticias.com.mx\/Portal\/wp-json\/wp\/v2\/posts\/229145","targetHints":{"allow":["GET"]}}],"collection":[{"href":"https:\/\/rnoticias.com.mx\/Portal\/wp-json\/wp\/v2\/posts"}],"about":[{"href":"https:\/\/rnoticias.com.mx\/Portal\/wp-json\/wp\/v2\/types\/post"}],"author":[{"embeddable":true,"href":"https:\/\/rnoticias.com.mx\/Portal\/wp-json\/wp\/v2\/users\/2"}],"replies":[{"embeddable":true,"href":"https:\/\/rnoticias.com.mx\/Portal\/wp-json\/wp\/v2\/comments?post=229145"}],"version-history":[{"count":1,"href":"https:\/\/rnoticias.com.mx\/Portal\/wp-json\/wp\/v2\/posts\/229145\/revisions"}],"predecessor-version":[{"id":229147,"href":"https:\/\/rnoticias.com.mx\/Portal\/wp-json\/wp\/v2\/posts\/229145\/revisions\/229147"}],"wp:featuredmedia":[{"embeddable":true,"href":"https:\/\/rnoticias.com.mx\/Portal\/wp-json\/wp\/v2\/media\/229146"}],"wp:attachment":[{"href":"https:\/\/rnoticias.com.mx\/Portal\/wp-json\/wp\/v2\/media?parent=229145"}],"wp:term":[{"taxonomy":"category","embeddable":true,"href":"https:\/\/rnoticias.com.mx\/Portal\/wp-json\/wp\/v2\/categories?post=229145"},{"taxonomy":"post_tag","embeddable":true,"href":"https:\/\/rnoticias.com.mx\/Portal\/wp-json\/wp\/v2\/tags?post=229145"}],"curies":[{"name":"wp","href":"https:\/\/api.w.org\/{rel}","templated":true}]}}