{"id":229130,"date":"2025-09-10T17:37:25","date_gmt":"2025-09-11T00:37:25","guid":{"rendered":"https:\/\/rnoticias.com.mx\/Portal\/?p=229130"},"modified":"2025-09-10T17:37:25","modified_gmt":"2025-09-11T00:37:25","slug":"mercado-municipal-se-alista-para-abrir-sus-puertas-esta-semana","status":"publish","type":"post","link":"https:\/\/rnoticias.com.mx\/Portal\/2025\/09\/10\/mercado-municipal-se-alista-para-abrir-sus-puertas-esta-semana\/","title":{"rendered":"Mercado Municipal se alista para abrir sus puertas esta semana"},"content":{"rendered":"<p>Hermosillo, Sonora. El Mercado Municipal n\u00famero 1 podr\u00eda reanudar actividades este viernes 12 de septiembre, siempre y cuando se mantengan las condiciones actuales de avance, seg\u00fan informaron autoridades del Consejo Estatal de Concertaci\u00f3n de Obra P\u00fablica (Cecop).<\/p>\n<p>&nbsp;<\/p>\n<p>Melit\u00f3n S\u00e1nchez Durazo, titular de Cecop, se\u00f1al\u00f3 que aunque a\u00fan no se confirma oficialmente la fecha, todo apunta a que los trabajos de reinstalaci\u00f3n y adecuaci\u00f3n de los locales est\u00e1n muy avanzados, por lo que se espera que el inmueble est\u00e9 en condiciones de abrir esta misma semana.<\/p>\n<p>&nbsp;<\/p>\n<p>\u201cLos comerciantes han acelerado la instalaci\u00f3n de sus equipos y el cumplimiento de los requisitos necesarios para volver a operar en los espacios renovados del mercado a fin de poder abrir de nuevo sus puertas en la menor brevedad posible. Esperemos y se pueda ya abrir oficialmente ese inmueble este viernes 12 de septiembre\u201d, enfatiz\u00f3.<\/p>\n<p>&nbsp;<\/p>\n<p>S\u00e1nchez Durazo subray\u00f3 que se mantiene una coordinaci\u00f3n constante con los locatarios para asegurar que el proceso culmine de forma ordenada y segura para el p\u00fablico.<\/p>\n<p>&nbsp;<\/p>\n","protected":false},"excerpt":{"rendered":"<p>Hermosillo, Sonora. El Mercado Municipal n\u00famero 1 podr\u00eda reanudar actividades este viernes 12 de septiembre, siempre y cuando se mantengan las condiciones actuales de avance, seg\u00fan informaron autoridades del Consejo Estatal de Concertaci\u00f3n de Obra P\u00fablica (Cecop). &nbsp; Melit\u00f3n S\u00e1nchez Durazo, titular de Cecop, se\u00f1al\u00f3 que aunque a\u00fan no se confirma oficialmente la fecha, todo [&hellip;]<\/p>\n","protected":false},"author":2,"featured_media":229131,"comment_status":"closed","ping_status":"closed","sticky":false,"template":"","format":"standard","meta":{"footnotes":""},"categories":[12870,178],"tags":[12865,12869],"class_list":["post-229130","post","type-post","status-publish","format-standard","has-post-thumbnail","hentry","category-destacadas","category-local","tag-destacadas","tag-local"],"jetpack_featured_media_url":"https:\/\/rnoticias.com.mx\/Portal\/wp-content\/uploads\/2025\/09\/IMG-20250528-WA0003-1024x576-1.jpg","amp_enabled":true,"_links":{"self":[{"href":"https:\/\/rnoticias.com.mx\/Portal\/wp-json\/wp\/v2\/posts\/229130","targetHints":{"allow":["GET"]}}],"collection":[{"href":"https:\/\/rnoticias.com.mx\/Portal\/wp-json\/wp\/v2\/posts"}],"about":[{"href":"https:\/\/rnoticias.com.mx\/Portal\/wp-json\/wp\/v2\/types\/post"}],"author":[{"embeddable":true,"href":"https:\/\/rnoticias.com.mx\/Portal\/wp-json\/wp\/v2\/users\/2"}],"replies":[{"embeddable":true,"href":"https:\/\/rnoticias.com.mx\/Portal\/wp-json\/wp\/v2\/comments?post=229130"}],"version-history":[{"count":1,"href":"https:\/\/rnoticias.com.mx\/Portal\/wp-json\/wp\/v2\/posts\/229130\/revisions"}],"predecessor-version":[{"id":229132,"href":"https:\/\/rnoticias.com.mx\/Portal\/wp-json\/wp\/v2\/posts\/229130\/revisions\/229132"}],"wp:featuredmedia":[{"embeddable":true,"href":"https:\/\/rnoticias.com.mx\/Portal\/wp-json\/wp\/v2\/media\/229131"}],"wp:attachment":[{"href":"https:\/\/rnoticias.com.mx\/Portal\/wp-json\/wp\/v2\/media?parent=229130"}],"wp:term":[{"taxonomy":"category","embeddable":true,"href":"https:\/\/rnoticias.com.mx\/Portal\/wp-json\/wp\/v2\/categories?post=229130"},{"taxonomy":"post_tag","embeddable":true,"href":"https:\/\/rnoticias.com.mx\/Portal\/wp-json\/wp\/v2\/tags?post=229130"}],"curies":[{"name":"wp","href":"https:\/\/api.w.org\/{rel}","templated":true}]}}