{"id":229127,"date":"2025-09-10T17:32:39","date_gmt":"2025-09-11T00:32:39","guid":{"rendered":"https:\/\/rnoticias.com.mx\/Portal\/?p=229127"},"modified":"2025-09-10T17:32:39","modified_gmt":"2025-09-11T00:32:39","slug":"ganaderos-de-nogales-esperan-reapertura-de-frontera-para-exportar-ganado","status":"publish","type":"post","link":"https:\/\/rnoticias.com.mx\/Portal\/2025\/09\/10\/ganaderos-de-nogales-esperan-reapertura-de-frontera-para-exportar-ganado\/","title":{"rendered":"Ganaderos de Nogales esperan reapertura de frontera para exportar ganado"},"content":{"rendered":"<p>La reapertura de la frontera en Nogales para exportaci\u00f3n de ganado es una demanda urgente de los productores de la regi\u00f3n, quienes actualmente enfrentan un rezago de alrededor de 15 mil cabezas.<\/p>\n<p>&nbsp;<\/p>\n<p>Jes\u00fas Garc\u00eda Hurtado, presidente de la Asociaci\u00f3n Ganadera Local, explic\u00f3 que tras la visita de la presidenta y las inspecciones del Departamento de Agricultura de Estados Unidos (USDA), se mantiene confianza en que los resultados permitan retomar el comercio exterior.<\/p>\n<p>&nbsp;<\/p>\n<p>\u201cLo bueno que vino la Presidenta a dar buenas noticias sobre la comercializaci\u00f3n de la carne no? Pues queremos y esperemos sea, pues es bueno, es bueno tener otra\u00a0salida nosotros con el ganado; no es malo, es bueno tenerlo, tener otra opci\u00f3n,\u00a0pues ser\u00eda lo mejor, pues ser\u00eda abrir la frontera, \u00bfno? Abrir la frontera para\u00a0exportaci\u00f3n, que la liberaran\u201d, asever\u00f3<\/p>\n<p>&nbsp;<\/p>\n<p>Record\u00f3 que las estaciones cuarentenarias de Agua Prieta y Nogales permanecen cerradas, lo que complica la movilizaci\u00f3n y genera altos costos a los ganaderos.<\/p>\n<p>&nbsp;<\/p>\n<p>Finalmente dijo que reabrir Nogales, dijo, ser\u00eda fundamental para desahogar la producci\u00f3n en temporada de corrida y aprovechar las condiciones favorables que dejaron las lluvias.<\/p>\n<p>&nbsp;<\/p>\n","protected":false},"excerpt":{"rendered":"<p>La reapertura de la frontera en Nogales para exportaci\u00f3n de ganado es una demanda urgente de los productores de la regi\u00f3n, quienes actualmente enfrentan un rezago de alrededor de 15 mil cabezas. &nbsp; Jes\u00fas Garc\u00eda Hurtado, presidente de la Asociaci\u00f3n Ganadera Local, explic\u00f3 que tras la visita de la presidenta y las inspecciones del Departamento [&hellip;]<\/p>\n","protected":false},"author":2,"featured_media":229128,"comment_status":"closed","ping_status":"closed","sticky":false,"template":"","format":"standard","meta":{"footnotes":""},"categories":[12870,174],"tags":[12865,12873],"class_list":["post-229127","post","type-post","status-publish","format-standard","has-post-thumbnail","hentry","category-destacadas","category-estatal","tag-destacadas","tag-estatal"],"jetpack_featured_media_url":"https:\/\/rnoticias.com.mx\/Portal\/wp-content\/uploads\/2025\/09\/f7d825be18060463818024eef268f0c6.webp","amp_enabled":true,"_links":{"self":[{"href":"https:\/\/rnoticias.com.mx\/Portal\/wp-json\/wp\/v2\/posts\/229127","targetHints":{"allow":["GET"]}}],"collection":[{"href":"https:\/\/rnoticias.com.mx\/Portal\/wp-json\/wp\/v2\/posts"}],"about":[{"href":"https:\/\/rnoticias.com.mx\/Portal\/wp-json\/wp\/v2\/types\/post"}],"author":[{"embeddable":true,"href":"https:\/\/rnoticias.com.mx\/Portal\/wp-json\/wp\/v2\/users\/2"}],"replies":[{"embeddable":true,"href":"https:\/\/rnoticias.com.mx\/Portal\/wp-json\/wp\/v2\/comments?post=229127"}],"version-history":[{"count":1,"href":"https:\/\/rnoticias.com.mx\/Portal\/wp-json\/wp\/v2\/posts\/229127\/revisions"}],"predecessor-version":[{"id":229129,"href":"https:\/\/rnoticias.com.mx\/Portal\/wp-json\/wp\/v2\/posts\/229127\/revisions\/229129"}],"wp:featuredmedia":[{"embeddable":true,"href":"https:\/\/rnoticias.com.mx\/Portal\/wp-json\/wp\/v2\/media\/229128"}],"wp:attachment":[{"href":"https:\/\/rnoticias.com.mx\/Portal\/wp-json\/wp\/v2\/media?parent=229127"}],"wp:term":[{"taxonomy":"category","embeddable":true,"href":"https:\/\/rnoticias.com.mx\/Portal\/wp-json\/wp\/v2\/categories?post=229127"},{"taxonomy":"post_tag","embeddable":true,"href":"https:\/\/rnoticias.com.mx\/Portal\/wp-json\/wp\/v2\/tags?post=229127"}],"curies":[{"name":"wp","href":"https:\/\/api.w.org\/{rel}","templated":true}]}}