{"id":229118,"date":"2025-09-10T17:12:52","date_gmt":"2025-09-11T00:12:52","guid":{"rendered":"https:\/\/rnoticias.com.mx\/Portal\/?p=229118"},"modified":"2025-09-10T17:12:52","modified_gmt":"2025-09-11T00:12:52","slug":"malecon-impulsara-economia-y-turismo-en-san-carlos-ocv","status":"publish","type":"post","link":"https:\/\/rnoticias.com.mx\/Portal\/2025\/09\/10\/malecon-impulsara-economia-y-turismo-en-san-carlos-ocv\/","title":{"rendered":"Malec\u00f3n impulsar\u00e1 econom\u00eda y turismo en San Carlos: OCV"},"content":{"rendered":"<p>El presidente de la Oficina de Convenciones y Visitantes de Guaymas-San Carlos, Luis Arturo Mungarro L\u00f3pez, celebr\u00f3 el anuncio realizado por el gobernador de Sonora sobre la construcci\u00f3n de un malec\u00f3n en San Carlos.<\/p>\n<p>&nbsp;<\/p>\n<p>Explic\u00f3 que la obra tendr\u00e1 una longitud aproximada de 2.5 kil\u00f3metros, desde Bah\u00eda Delf\u00edn hasta la playa de San Francisco, e incluir\u00e1 andadores, ciclov\u00edas, accesos y bulevares que fortalecer\u00e1n la infraestructura tur\u00edstica.<\/p>\n<p>&nbsp;<\/p>\n<p>\u201cVemos con mucho benepl\u00e1cito que vean y volteen a ver a San Carlos y a Guaymas como una potencia tur\u00edstica. Yo creo que va a ser un antes y un despu\u00e9s del\u00a0Malec\u00f3n, ya que es una obra que nos va a beneficiar bastante para el destino\u00a0tur\u00edstico, ya que pues es una obra que va a estar muy visitada por visitantes, por\u00a0extranjeros, y eso va a ser un punto de partida para que empiece a detonar m\u00e1s\u00a0lo que es este este destino tur\u00edstico\u201d, dijo.<\/p>\n<p>&nbsp;<\/p>\n<p>Destac\u00f3 que el dise\u00f1o permitir\u00e1 disfrutar de atardeceres, avistamientos de delfines y paseos en yate, lo que convertir\u00e1 al lugar en un atractivo clave para visitantes nacionales y extranjeros.<\/p>\n<p>&nbsp;<\/p>\n<p>Mungarro L\u00f3pez se\u00f1al\u00f3 que el proyecto generar\u00e1 oportunidades para la instalaci\u00f3n de comercios y servicios tur\u00edsticos de manera organizada, beneficiando a hoteleros, restauranteros y prestadores de servicios locales.<\/p>\n","protected":false},"excerpt":{"rendered":"<p>El presidente de la Oficina de Convenciones y Visitantes de Guaymas-San Carlos, Luis Arturo Mungarro L\u00f3pez, celebr\u00f3 el anuncio realizado por el gobernador de Sonora sobre la construcci\u00f3n de un malec\u00f3n en San Carlos. &nbsp; Explic\u00f3 que la obra tendr\u00e1 una longitud aproximada de 2.5 kil\u00f3metros, desde Bah\u00eda Delf\u00edn hasta la playa de San Francisco, [&hellip;]<\/p>\n","protected":false},"author":2,"featured_media":229119,"comment_status":"closed","ping_status":"closed","sticky":false,"template":"","format":"standard","meta":{"footnotes":""},"categories":[12870,174],"tags":[12865,12873],"class_list":["post-229118","post","type-post","status-publish","format-standard","has-post-thumbnail","hentry","category-destacadas","category-estatal","tag-destacadas","tag-estatal"],"jetpack_featured_media_url":"https:\/\/rnoticias.com.mx\/Portal\/wp-content\/uploads\/2025\/09\/malecon-de-san-carlos-tendra-una-magnitud-de-24-kilometros-17574888181.jpg","amp_enabled":true,"_links":{"self":[{"href":"https:\/\/rnoticias.com.mx\/Portal\/wp-json\/wp\/v2\/posts\/229118","targetHints":{"allow":["GET"]}}],"collection":[{"href":"https:\/\/rnoticias.com.mx\/Portal\/wp-json\/wp\/v2\/posts"}],"about":[{"href":"https:\/\/rnoticias.com.mx\/Portal\/wp-json\/wp\/v2\/types\/post"}],"author":[{"embeddable":true,"href":"https:\/\/rnoticias.com.mx\/Portal\/wp-json\/wp\/v2\/users\/2"}],"replies":[{"embeddable":true,"href":"https:\/\/rnoticias.com.mx\/Portal\/wp-json\/wp\/v2\/comments?post=229118"}],"version-history":[{"count":1,"href":"https:\/\/rnoticias.com.mx\/Portal\/wp-json\/wp\/v2\/posts\/229118\/revisions"}],"predecessor-version":[{"id":229120,"href":"https:\/\/rnoticias.com.mx\/Portal\/wp-json\/wp\/v2\/posts\/229118\/revisions\/229120"}],"wp:featuredmedia":[{"embeddable":true,"href":"https:\/\/rnoticias.com.mx\/Portal\/wp-json\/wp\/v2\/media\/229119"}],"wp:attachment":[{"href":"https:\/\/rnoticias.com.mx\/Portal\/wp-json\/wp\/v2\/media?parent=229118"}],"wp:term":[{"taxonomy":"category","embeddable":true,"href":"https:\/\/rnoticias.com.mx\/Portal\/wp-json\/wp\/v2\/categories?post=229118"},{"taxonomy":"post_tag","embeddable":true,"href":"https:\/\/rnoticias.com.mx\/Portal\/wp-json\/wp\/v2\/tags?post=229118"}],"curies":[{"name":"wp","href":"https:\/\/api.w.org\/{rel}","templated":true}]}}