{"id":229014,"date":"2025-09-08T20:25:02","date_gmt":"2025-09-09T03:25:02","guid":{"rendered":"https:\/\/rnoticias.com.mx\/Portal\/?p=229014"},"modified":"2025-09-08T20:25:02","modified_gmt":"2025-09-09T03:25:02","slug":"gana-alumno-de-cobach-sonora-medalla-de-plata-en-olimpiada-centroamericana-y-del-caribe-de-fisica-2025","status":"publish","type":"post","link":"https:\/\/rnoticias.com.mx\/Portal\/2025\/09\/08\/gana-alumno-de-cobach-sonora-medalla-de-plata-en-olimpiada-centroamericana-y-del-caribe-de-fisica-2025\/","title":{"rendered":"Gana alumno de Cobach Sonora medalla de plata en Olimpiada Centroamericana y del Caribe de F\u00edsica 2025"},"content":{"rendered":"<p align=\"left\">Hermosillo, Sonora; 8 de septiembre de 2025.- Al\u00e1n Flores Alaniz, estudiante del Colegio de Bachilleres del Estado de Sonora (Cobach), conquist\u00f3 la medalla de plata en la Olimpiada Centroamericana y del Caribe de F\u00edsica 2025 (Ocaffi), celebrada en Santo Domingo, Rep\u00fablica Dominicana, y con esta haza\u00f1a puso en alto el nombre de M\u00e9xico.<\/p>\n<p align=\"left\">\n<p align=\"left\">El estudiante de quinto semestre, del plantel Caborca, alz\u00f3 la Bandera de M\u00e9xico al ser declarado ganador en la final del certamen internacional, realizado del 31 de agosto al 5 de septiembre.<\/p>\n<p align=\"left\">\n<p align=\"left\">El director general de Cobach, Rodrigo Arturo Rosas Burgos, destac\u00f3 que el triunfo de Al\u00e1n Flores, gracias a su excelente desempe\u00f1o, es motivo de gran orgullo para la comunidad escolar del Colegio de Bachilleres.<\/p>\n<p align=\"left\">\n<p align=\"left\">Al enviarle una amplia felicitaci\u00f3n, expres\u00f3 que este logro, al haber obtenido la medalla, pone en alto el nombre de M\u00e9xico, de Sonora y del subsistema educativo.<\/p>\n<p align=\"left\">\n<p align=\"left\">Al\u00e1n fue seleccionado para representar a M\u00e9xico en la Olimpiada Centroamericana y del Caribe gracias a los excelentes resultados obtenidos en competencias previas, entre ellos, la medalla de bronce en la Olimpiada Nacional de F\u00edsica, adem\u00e1s de primeros lugares en concursos estatales.<\/p>\n","protected":false},"excerpt":{"rendered":"<p>Hermosillo, Sonora; 8 de septiembre de 2025.- Al\u00e1n Flores Alaniz, estudiante del Colegio de Bachilleres del Estado de Sonora (Cobach), conquist\u00f3 la medalla de plata en la Olimpiada Centroamericana y del Caribe de F\u00edsica 2025 (Ocaffi), celebrada en Santo Domingo, Rep\u00fablica Dominicana, y con esta haza\u00f1a puso en alto el nombre de M\u00e9xico. El estudiante [&hellip;]<\/p>\n","protected":false},"author":2,"featured_media":229015,"comment_status":"closed","ping_status":"closed","sticky":false,"template":"","format":"standard","meta":{"footnotes":""},"categories":[178],"tags":[12869],"class_list":["post-229014","post","type-post","status-publish","format-standard","has-post-thumbnail","hentry","category-local","tag-local"],"jetpack_featured_media_url":"https:\/\/rnoticias.com.mx\/Portal\/wp-content\/uploads\/2025\/09\/unnamed-1-12.jpg","amp_enabled":true,"_links":{"self":[{"href":"https:\/\/rnoticias.com.mx\/Portal\/wp-json\/wp\/v2\/posts\/229014","targetHints":{"allow":["GET"]}}],"collection":[{"href":"https:\/\/rnoticias.com.mx\/Portal\/wp-json\/wp\/v2\/posts"}],"about":[{"href":"https:\/\/rnoticias.com.mx\/Portal\/wp-json\/wp\/v2\/types\/post"}],"author":[{"embeddable":true,"href":"https:\/\/rnoticias.com.mx\/Portal\/wp-json\/wp\/v2\/users\/2"}],"replies":[{"embeddable":true,"href":"https:\/\/rnoticias.com.mx\/Portal\/wp-json\/wp\/v2\/comments?post=229014"}],"version-history":[{"count":1,"href":"https:\/\/rnoticias.com.mx\/Portal\/wp-json\/wp\/v2\/posts\/229014\/revisions"}],"predecessor-version":[{"id":229016,"href":"https:\/\/rnoticias.com.mx\/Portal\/wp-json\/wp\/v2\/posts\/229014\/revisions\/229016"}],"wp:featuredmedia":[{"embeddable":true,"href":"https:\/\/rnoticias.com.mx\/Portal\/wp-json\/wp\/v2\/media\/229015"}],"wp:attachment":[{"href":"https:\/\/rnoticias.com.mx\/Portal\/wp-json\/wp\/v2\/media?parent=229014"}],"wp:term":[{"taxonomy":"category","embeddable":true,"href":"https:\/\/rnoticias.com.mx\/Portal\/wp-json\/wp\/v2\/categories?post=229014"},{"taxonomy":"post_tag","embeddable":true,"href":"https:\/\/rnoticias.com.mx\/Portal\/wp-json\/wp\/v2\/tags?post=229014"}],"curies":[{"name":"wp","href":"https:\/\/api.w.org\/{rel}","templated":true}]}}