{"id":229011,"date":"2025-09-08T20:24:01","date_gmt":"2025-09-09T03:24:01","guid":{"rendered":"https:\/\/rnoticias.com.mx\/Portal\/?p=229011"},"modified":"2025-09-08T20:24:01","modified_gmt":"2025-09-09T03:24:01","slug":"ratifica-gobierno-de-sonora-su-compromiso-con-el-combate-al-analfabetismo-isea","status":"publish","type":"post","link":"https:\/\/rnoticias.com.mx\/Portal\/2025\/09\/08\/ratifica-gobierno-de-sonora-su-compromiso-con-el-combate-al-analfabetismo-isea\/","title":{"rendered":"Ratifica Gobierno de Sonora su compromiso con el combate al analfabetismo: ISEA"},"content":{"rendered":"<p align=\"left\">Hermosillo, Sonora; 8 de septiembre de 2025.- Con el decidido respaldo del gobernador Alfonso Durazo Monta\u00f1o, Sonora se sit\u00faa en el lugar 29 de 32 en cuanto a rezago educativo en el pa\u00eds, con un bajo porcentaje de analfabetismo del 1.4 por ciento, resultado de los esfuerzos por lograr que cada vez sean menos las personas que no saben leer ni escribir.<\/p>\n<p align=\"left\">\n<p align=\"left\">Como parte de la conmemoraci\u00f3n del D\u00eda Internacional de la Alfabetizaci\u00f3n, que se celebra cada 8 de septiembre, el Instituto Sonorense de Educaci\u00f3n para los Adultos (ISEA) inform\u00f3 que, en lo que va de la administraci\u00f3n estatal, han sido alfabetizadas siete mil 172 personas en Sonora.<\/p>\n<p align=\"left\">\n<p align=\"left\">Mar\u00eda Engracia Carrazco Valenzuela, directora general del ISEA, destac\u00f3 que el bajo porcentaje de analfabetismo alcanzado no significa detener los esfuerzos actuales para reducir al m\u00ednimo posible estas cifras, ya que no se trata de n\u00fameros, sino de personas para quienes aprender a leer y escribir representa la posibilidad de continuar sus estudios de educaci\u00f3n b\u00e1sica y, con ello, contribuir a la construcci\u00f3n de una mejor vida.<\/p>\n<p align=\"left\">\n<p align=\"left\">El personal de todas las \u00e1reas del ISEA tiene muy clara la prioridad de apoyar a mujeres y hombres que, por alguna circunstancia, carecen de habilidades de lectoescritura, para que superen esta condici\u00f3n que limita sus posibilidades de desarrollo y de mejorar su calidad de vida.<\/p>\n<p align=\"left\">\n<p align=\"left\">La Unesco proclam\u00f3 el 8 de septiembre como una fecha de reflexi\u00f3n para la sociedad y los tres niveles de gobierno sobre la necesidad de que quienes no saben leer y escribir accedan a programas que les permitan aprender.<\/p>\n","protected":false},"excerpt":{"rendered":"<p>Hermosillo, Sonora; 8 de septiembre de 2025.- Con el decidido respaldo del gobernador Alfonso Durazo Monta\u00f1o, Sonora se sit\u00faa en el lugar 29 de 32 en cuanto a rezago educativo en el pa\u00eds, con un bajo porcentaje de analfabetismo del 1.4 por ciento, resultado de los esfuerzos por lograr que cada vez sean menos las [&hellip;]<\/p>\n","protected":false},"author":2,"featured_media":229012,"comment_status":"closed","ping_status":"closed","sticky":false,"template":"","format":"standard","meta":{"footnotes":""},"categories":[178],"tags":[12869],"class_list":["post-229011","post","type-post","status-publish","format-standard","has-post-thumbnail","hentry","category-local","tag-local"],"jetpack_featured_media_url":"https:\/\/rnoticias.com.mx\/Portal\/wp-content\/uploads\/2025\/09\/unnamed-26.jpg","amp_enabled":true,"_links":{"self":[{"href":"https:\/\/rnoticias.com.mx\/Portal\/wp-json\/wp\/v2\/posts\/229011","targetHints":{"allow":["GET"]}}],"collection":[{"href":"https:\/\/rnoticias.com.mx\/Portal\/wp-json\/wp\/v2\/posts"}],"about":[{"href":"https:\/\/rnoticias.com.mx\/Portal\/wp-json\/wp\/v2\/types\/post"}],"author":[{"embeddable":true,"href":"https:\/\/rnoticias.com.mx\/Portal\/wp-json\/wp\/v2\/users\/2"}],"replies":[{"embeddable":true,"href":"https:\/\/rnoticias.com.mx\/Portal\/wp-json\/wp\/v2\/comments?post=229011"}],"version-history":[{"count":1,"href":"https:\/\/rnoticias.com.mx\/Portal\/wp-json\/wp\/v2\/posts\/229011\/revisions"}],"predecessor-version":[{"id":229013,"href":"https:\/\/rnoticias.com.mx\/Portal\/wp-json\/wp\/v2\/posts\/229011\/revisions\/229013"}],"wp:featuredmedia":[{"embeddable":true,"href":"https:\/\/rnoticias.com.mx\/Portal\/wp-json\/wp\/v2\/media\/229012"}],"wp:attachment":[{"href":"https:\/\/rnoticias.com.mx\/Portal\/wp-json\/wp\/v2\/media?parent=229011"}],"wp:term":[{"taxonomy":"category","embeddable":true,"href":"https:\/\/rnoticias.com.mx\/Portal\/wp-json\/wp\/v2\/categories?post=229011"},{"taxonomy":"post_tag","embeddable":true,"href":"https:\/\/rnoticias.com.mx\/Portal\/wp-json\/wp\/v2\/tags?post=229011"}],"curies":[{"name":"wp","href":"https:\/\/api.w.org\/{rel}","templated":true}]}}