{"id":229005,"date":"2025-09-08T20:08:00","date_gmt":"2025-09-09T03:08:00","guid":{"rendered":"https:\/\/rnoticias.com.mx\/Portal\/?p=229005"},"modified":"2025-09-08T20:08:00","modified_gmt":"2025-09-09T03:08:00","slug":"realiza-policia-de-hermosillo-ceremonia-de-izamiento-de-bandera","status":"publish","type":"post","link":"https:\/\/rnoticias.com.mx\/Portal\/2025\/09\/08\/realiza-policia-de-hermosillo-ceremonia-de-izamiento-de-bandera\/","title":{"rendered":"Realiza Polic\u00eda de Hermosillo ceremonia de izamiento de bandera"},"content":{"rendered":"<p><b data-olk-copy-source=\"MessageBody\">Hermosillo, Sonora; 8 de septiembre de 2025.-<\/b>Personal de las diversas \u00e1reas de la Polic\u00eda de Hermosillo particip\u00f3 en la ceremonia de izamiento de bandera que se llev\u00f3 a cabo con motivo del mes patrio en la Comandancia Centro.<\/p>\n<p aria-hidden=\"true\">\n<p>En la ceremonia solemne, que estuvo encabezada por el comisario general de la Polic\u00eda de Hermosillo, Alonso Dur\u00f3n Monta\u00f1o, se rindieron honores a la bandera, con el apoyo de la Banda de Guerra y de la Escolta de la Jefatura de Polic\u00eda preventiva y Tr\u00e1nsito Municipal.<\/p>\n<p aria-hidden=\"true\">\n<p>Dijo que todas las instituciones est\u00e1n obligadas a rendir honores al l\u00e1baro patrio, por lo menos un d\u00eda en el mes de septiembre, pero que la corporaci\u00f3n lo har\u00e1 todos los lunes del mes a primera hora en la Comandancia zona Centro y en la tarde cuando se baja de la asta la bandera tambi\u00e9n acudir\u00e1 la escolta para hacer el descenso de una manera solemne.<\/p>\n<p aria-hidden=\"true\">\n<p>\u201cNosotros venimos de un cierto r\u00e9gimen de disciplina donde desde nuestra formaci\u00f3n en la academia se nos inculca y se nos recuerda que lo que ya tuvimos nuestra preparaci\u00f3n en primaria, secundaria y preparatoria debe de continuar, por ende, en una instituci\u00f3n de seguridad, ese es el mensaje hacia el personal de que tenga ese sentido de lealtad y de que permanencia\u201d, expuso.<\/p>\n<p aria-hidden=\"true\">\n<p>Estuvieron Luis Fernando Ram\u00edrez Salcido, comisario jefe; Sergio Valdez L\u00f3pez, director de Tr\u00e1nsito Municipal; Cristian Alberto Estrella Jurado, director de la Polic\u00eda Preventiva; titulares administrativos de distintas \u00e1reas; as\u00ed como mandos medios superiores y elementos responsables y grupos especiales, como Veh\u00edculos Robados, Pimas, Pegasos y Escuadrones.<\/p>\n","protected":false},"excerpt":{"rendered":"<p>Hermosillo, Sonora; 8 de septiembre de 2025.-Personal de las diversas \u00e1reas de la Polic\u00eda de Hermosillo particip\u00f3 en la ceremonia de izamiento de bandera que se llev\u00f3 a cabo con motivo del mes patrio en la Comandancia Centro. En la ceremonia solemne, que estuvo encabezada por el comisario general de la Polic\u00eda de Hermosillo, Alonso [&hellip;]<\/p>\n","protected":false},"author":2,"featured_media":229006,"comment_status":"closed","ping_status":"closed","sticky":false,"template":"","format":"standard","meta":{"footnotes":""},"categories":[12870,178],"tags":[12865,12869],"class_list":["post-229005","post","type-post","status-publish","format-standard","has-post-thumbnail","hentry","category-destacadas","category-local","tag-destacadas","tag-local"],"jetpack_featured_media_url":"https:\/\/rnoticias.com.mx\/Portal\/wp-content\/uploads\/2025\/09\/WhatsApp-Image-2025-09-08-at-12.48.46-PM.jpeg","amp_enabled":true,"_links":{"self":[{"href":"https:\/\/rnoticias.com.mx\/Portal\/wp-json\/wp\/v2\/posts\/229005","targetHints":{"allow":["GET"]}}],"collection":[{"href":"https:\/\/rnoticias.com.mx\/Portal\/wp-json\/wp\/v2\/posts"}],"about":[{"href":"https:\/\/rnoticias.com.mx\/Portal\/wp-json\/wp\/v2\/types\/post"}],"author":[{"embeddable":true,"href":"https:\/\/rnoticias.com.mx\/Portal\/wp-json\/wp\/v2\/users\/2"}],"replies":[{"embeddable":true,"href":"https:\/\/rnoticias.com.mx\/Portal\/wp-json\/wp\/v2\/comments?post=229005"}],"version-history":[{"count":1,"href":"https:\/\/rnoticias.com.mx\/Portal\/wp-json\/wp\/v2\/posts\/229005\/revisions"}],"predecessor-version":[{"id":229007,"href":"https:\/\/rnoticias.com.mx\/Portal\/wp-json\/wp\/v2\/posts\/229005\/revisions\/229007"}],"wp:featuredmedia":[{"embeddable":true,"href":"https:\/\/rnoticias.com.mx\/Portal\/wp-json\/wp\/v2\/media\/229006"}],"wp:attachment":[{"href":"https:\/\/rnoticias.com.mx\/Portal\/wp-json\/wp\/v2\/media?parent=229005"}],"wp:term":[{"taxonomy":"category","embeddable":true,"href":"https:\/\/rnoticias.com.mx\/Portal\/wp-json\/wp\/v2\/categories?post=229005"},{"taxonomy":"post_tag","embeddable":true,"href":"https:\/\/rnoticias.com.mx\/Portal\/wp-json\/wp\/v2\/tags?post=229005"}],"curies":[{"name":"wp","href":"https:\/\/api.w.org\/{rel}","templated":true}]}}