{"id":228993,"date":"2025-09-08T20:00:47","date_gmt":"2025-09-09T03:00:47","guid":{"rendered":"https:\/\/rnoticias.com.mx\/Portal\/?p=228993"},"modified":"2025-09-08T20:00:47","modified_gmt":"2025-09-09T03:00:47","slug":"scjn-estrena-imagen-institucional-asi-luce-el-nuevo-logo","status":"publish","type":"post","link":"https:\/\/rnoticias.com.mx\/Portal\/2025\/09\/08\/scjn-estrena-imagen-institucional-asi-luce-el-nuevo-logo\/","title":{"rendered":"SCJN estrena imagen institucional; as\u00ed luce el nuevo logo"},"content":{"rendered":"<p><mark><strong>La Suprema Corte de Justicia de la Naci\u00f3n (SCJN) dio a conocer la nueva imagen institucional que representa un cambio de \u00e9poca.<\/strong><\/mark><\/p>\n<p>En un comunicado la SCJN se\u00f1al\u00f3 que la imagen refleja los valores que guiar\u00e1n sus trabajos jurisdiccionales:\u00a0<strong>pluralidad, inclusi\u00f3n, cercan\u00eda y respeto a la diversidad cultural de M\u00e9xico.<\/strong><\/p>\n<p>Resalt\u00f3 que la nueva identidad visual proyecta la pluriculturalidad del pa\u00eds y la integraci\u00f3n de sectores hist\u00f3ricamente excluidos,\u00a0<strong>con un enfoque social y de respeto al medio ambiente.<\/strong><\/p>\n<p>&#8220;Representa, adem\u00e1s, la labor del M\u00e1ximo Tribunal como\u00a0<mark><strong>un servicio accesible, con credibilidad, certidumbre y cercan\u00eda al pueblo de M\u00e9xico&#8221;, subray\u00f3 el M\u00e1ximo Tribunal del pa\u00eds.<\/strong><\/mark><\/p>\n<p>Destac\u00f3 que el cambio m\u00e1s significativo en la renovaci\u00f3n es<mark><strong>\u00a0la incorporaci\u00f3n del bast\u00f3n de mando como nuevo elemento del s\u00edmbolo institucional.<\/strong><\/mark><\/p>\n<p>La Corte subray\u00f3 que este emblema cultural, pol\u00edtico y espiritual de los pueblos originarios de M\u00e9xico\u00a0<strong>representa el reconocimiento y honor hacia la autoridad que recibe la encomienda de servir y hacer justicia.<\/strong><\/p>\n<p>Junto al bast\u00f3n de mando se mantienen los s\u00edmbolos que expresan la esencia de la funci\u00f3n jurisdiccional:\u00a0<strong>el \u00e1guila libertaria, la balanza, la rama de olivo, la hoja de laurel, el pergamino y la espada<\/strong><\/p>\n<p><strong>El organismo se\u00f1al\u00f3 que con esta renovaci\u00f3n se constituye como un aut\u00e9ntico Tribunal Constitucional al servicio de la sociedad,<\/strong>\u00a0comprometido con la protecci\u00f3n del medio ambiente, la defensa de los derechos humanos; los pueblos originarios y afromexicanos, as\u00ed como con la atenci\u00f3n a los grupos en situaci\u00f3n de vulnerabilidad.<\/p>\n<p><mark><strong>&#8220;La nueva imagen de la Corte sintetiza los valores que guiar\u00e1n esta etapa y se convierte en el sello de una justicia verdaderamente cercana al pueblo de M\u00e9xico&#8221;,<\/strong><\/mark>\u00a0refiri\u00f3.<\/p>\n","protected":false},"excerpt":{"rendered":"<p>La Suprema Corte de Justicia de la Naci\u00f3n (SCJN) dio a conocer la nueva imagen institucional que representa un cambio de \u00e9poca. En un comunicado la SCJN se\u00f1al\u00f3 que la imagen refleja los valores que guiar\u00e1n sus trabajos jurisdiccionales:\u00a0pluralidad, inclusi\u00f3n, cercan\u00eda y respeto a la diversidad cultural de M\u00e9xico. Resalt\u00f3 que la nueva identidad visual [&hellip;]<\/p>\n","protected":false},"author":2,"featured_media":228994,"comment_status":"closed","ping_status":"closed","sticky":false,"template":"","format":"standard","meta":{"footnotes":""},"categories":[12870,12868],"tags":[12865,12879],"class_list":["post-228993","post","type-post","status-publish","format-standard","has-post-thumbnail","hentry","category-destacadas","category-politica","tag-destacadas","tag-politica"],"jetpack_featured_media_url":"https:\/\/rnoticias.com.mx\/Portal\/wp-content\/uploads\/2025\/09\/NUEVO-LOGO-SCJN.jpg","amp_enabled":true,"_links":{"self":[{"href":"https:\/\/rnoticias.com.mx\/Portal\/wp-json\/wp\/v2\/posts\/228993","targetHints":{"allow":["GET"]}}],"collection":[{"href":"https:\/\/rnoticias.com.mx\/Portal\/wp-json\/wp\/v2\/posts"}],"about":[{"href":"https:\/\/rnoticias.com.mx\/Portal\/wp-json\/wp\/v2\/types\/post"}],"author":[{"embeddable":true,"href":"https:\/\/rnoticias.com.mx\/Portal\/wp-json\/wp\/v2\/users\/2"}],"replies":[{"embeddable":true,"href":"https:\/\/rnoticias.com.mx\/Portal\/wp-json\/wp\/v2\/comments?post=228993"}],"version-history":[{"count":1,"href":"https:\/\/rnoticias.com.mx\/Portal\/wp-json\/wp\/v2\/posts\/228993\/revisions"}],"predecessor-version":[{"id":228995,"href":"https:\/\/rnoticias.com.mx\/Portal\/wp-json\/wp\/v2\/posts\/228993\/revisions\/228995"}],"wp:featuredmedia":[{"embeddable":true,"href":"https:\/\/rnoticias.com.mx\/Portal\/wp-json\/wp\/v2\/media\/228994"}],"wp:attachment":[{"href":"https:\/\/rnoticias.com.mx\/Portal\/wp-json\/wp\/v2\/media?parent=228993"}],"wp:term":[{"taxonomy":"category","embeddable":true,"href":"https:\/\/rnoticias.com.mx\/Portal\/wp-json\/wp\/v2\/categories?post=228993"},{"taxonomy":"post_tag","embeddable":true,"href":"https:\/\/rnoticias.com.mx\/Portal\/wp-json\/wp\/v2\/tags?post=228993"}],"curies":[{"name":"wp","href":"https:\/\/api.w.org\/{rel}","templated":true}]}}