{"id":228987,"date":"2025-09-08T19:53:13","date_gmt":"2025-09-09T02:53:13","guid":{"rendered":"https:\/\/rnoticias.com.mx\/Portal\/?p=228987"},"modified":"2025-09-08T19:53:13","modified_gmt":"2025-09-09T02:53:13","slug":"la-universidad-de-sonora-lanza-campana-hablemos-de-suicidio-cambiemos-la-narrativa","status":"publish","type":"post","link":"https:\/\/rnoticias.com.mx\/Portal\/2025\/09\/08\/la-universidad-de-sonora-lanza-campana-hablemos-de-suicidio-cambiemos-la-narrativa\/","title":{"rendered":"La Universidad de Sonora lanza campa\u00f1a \u201cHablemos de suicidio, cambiemos la narrativa\u201d"},"content":{"rendered":"<p>La Universidad de Sonora inici\u00f3 este lunes la campa\u00f1a \u201cHablemos de suicidio, cambiemos la narrativa\u201d, orientada a visibilizar el fen\u00f3meno existente, promover la salud mental y, sobre todo, fortalecer las redes de apoyo entre la comunidad universitaria.<\/p>\n<p>Denisse Mercedes Romero Valenzuela, encargada de la Direcci\u00f3n de Programas Estrat\u00e9gicos y Proyecci\u00f3n Universitaria, y Jessica Yvette Coronado Verdugo, directora de Apoyo a Estudiantes, encabezaron la presentaci\u00f3n de la campa\u00f1a que se extender\u00e1 a todos los campus con diversas actividades de informaci\u00f3n, difusi\u00f3n y conferencias los d\u00edas 8, 9 y 10 de septiembre.<\/p>\n<p>Romero Valenzuela destac\u00f3 que las acciones programadas se han organizado a prop\u00f3sito del D\u00eda Mundial de la Prevenci\u00f3n del Suicidio, que se conmemora el 10 de septiembre, y que se estar\u00e1n distribuyendo pulseras simb\u00f3licas con el prop\u00f3sito de invitar a la reflexi\u00f3n y romper el silencio para abordar abiertamente el tema.<\/p>\n<p>\u201cMuchas veces estos son temas tab\u00faes, son temas dif\u00edciles de abordar porque conllevan un sufrimiento emocional, pero es muy importante que hablemos de ello; si no, no estar\u00edamos avanzando en la prevenci\u00f3n del mismo\u201d, expres\u00f3.<\/p>\n<p>Actividades y objetivos<\/p>\n<p>La directora de Apoyo a Estudiantes, Jessica Yvette Coronado Verdugo, habl\u00f3 de los participantes de los diversos conversatorios y de las \u2018saloneadas\u2019 que se llevar\u00e1n a cabo para hablar del tema y repartir pulseras distintivas de acuerdo con la situaci\u00f3n de las personas.<\/p>\n<p>Estableci\u00f3 que la campa\u00f1a se realiza por iniciativa de la acad\u00e9mica Olympia Salazar Serrano, encargada del Centro de Atenci\u00f3n Telef\u00f3nica de Intervenci\u00f3n en Crisis (CATIC) de la Unison, y con la participaci\u00f3n de las instancias antes mencionadas, adem\u00e1s de la Direcci\u00f3n de Comunicaci\u00f3n y el Centro de Integraci\u00f3n Juvenil de Hermosillo, cuya directora es Fara Gisela Arreola Romero.<\/p>\n<p>\u201cEl objetivo de esta campa\u00f1a es promover el bienestar psicoemocional de nuestra comunidad universitaria, as\u00ed como los servicios y programas institucionales de ayuda y de acompa\u00f1amiento a las y los estudiantes; por ejemplo, el Programa de Salud Estudiantil que incluye atenci\u00f3n m\u00e9dica, psicol\u00f3gica b\u00e1sica, las campa\u00f1as de salud y de promoci\u00f3n de la salud integral y mental\u201d, a\u00f1adi\u00f3.<\/p>\n<p>Agreg\u00f3 que se distribuir\u00e1n pulseras simb\u00f3licas de colores amarillo, azul, morado y negro, con mensajes de acompa\u00f1amiento y solidaridad, y que se realizar\u00e1n jornadas informativas en diferentes facultades y en todos los campus: Hermosillo, Cajeme, Nogales, Caborca, Navojoa y Santa Ana.<\/p>\n<p>Se llevar\u00e1n a cabo conversatorios y paneles el pr\u00f3ximo 10 de septiembre, con la participaci\u00f3n de especialistas en salud mental, primeros respondientes y estudiantes universitarios, con el prop\u00f3sito de sensibilizar sobre la atenci\u00f3n en momentos de crisis y del fortalecimiento de la cultura de la prevenci\u00f3n.<\/p>\n<p>Los paneles de an\u00e1lisis y reflexi\u00f3n se realizar\u00e1n el mi\u00e9rcoles 10 de septiembre, a partir de las 9:00 horas, en el auditorio Manuel Rivera Zamudio, iniciando con el panel de expertos; luego, a las 10:30 el de Primeros Respondientes, y a las 11:30 horas el de Joven a Joven, mismos que se transmitir\u00e1n v\u00eda internet a los campus participantes.<\/p>\n<p>El suicidio: problema de salud p\u00fablica<\/p>\n<p>Salazar Serrano explic\u00f3 brevemente la historia y funciones del CATIC, se\u00f1alando que el suicidio es un problema de salud p\u00fablica que afecta principalmente a la poblaci\u00f3n joven, por lo que destac\u00f3 la importancia de cambiar la narrativa sobre este problema social para expresar lo que sentimos, para pedir apoyo y, sobre todo, escuchar de manera efectiva, porque es claro que \u201chablar salva vidas\u201d.<\/p>\n<p>Asimismo, habl\u00f3 de estad\u00edsticas sobre la problem\u00e1tica del suicidio a nivel mundial, y se\u00f1al\u00f3 que, seg\u00fan datos de la Organizaci\u00f3n Mundial de la Salud, cada 40 segundos una persona muere por suicidio en el mundo.<\/p>\n<p>Argument\u00f3 que en Sonora el fen\u00f3meno del suicidio mantiene \u00edndices elevados, por lo que es importante atender con urgencia el tema con acciones preventivas, de cuidado y de sensibilizaci\u00f3n.<\/p>\n<p>Por su parte, la directora del Centro de Integraci\u00f3n Juvenil en Hermosillo, Fara Gisela Arreola Romero, anunci\u00f3 la incorporaci\u00f3n de una herramienta digital de autodiagn\u00f3stico en la que los estudiantes podr\u00e1n acceder a un c\u00f3digo QR para la identificaci\u00f3n de factores de riesgo.<\/p>\n<p>&nbsp;<\/p>\n","protected":false},"excerpt":{"rendered":"<p>La Universidad de Sonora inici\u00f3 este lunes la campa\u00f1a \u201cHablemos de suicidio, cambiemos la narrativa\u201d, orientada a visibilizar el fen\u00f3meno existente, promover la salud mental y, sobre todo, fortalecer las redes de apoyo entre la comunidad universitaria. Denisse Mercedes Romero Valenzuela, encargada de la Direcci\u00f3n de Programas Estrat\u00e9gicos y Proyecci\u00f3n Universitaria, y Jessica Yvette Coronado [&hellip;]<\/p>\n","protected":false},"author":2,"featured_media":228988,"comment_status":"closed","ping_status":"closed","sticky":false,"template":"","format":"standard","meta":{"footnotes":""},"categories":[12870,178],"tags":[12865,12869],"class_list":["post-228987","post","type-post","status-publish","format-standard","has-post-thumbnail","hentry","category-destacadas","category-local","tag-destacadas","tag-local"],"jetpack_featured_media_url":"https:\/\/rnoticias.com.mx\/Portal\/wp-content\/uploads\/2025\/09\/LANZAMIENTO-DE-CAMPANA-EN-UNISON-3.jpg","amp_enabled":true,"_links":{"self":[{"href":"https:\/\/rnoticias.com.mx\/Portal\/wp-json\/wp\/v2\/posts\/228987","targetHints":{"allow":["GET"]}}],"collection":[{"href":"https:\/\/rnoticias.com.mx\/Portal\/wp-json\/wp\/v2\/posts"}],"about":[{"href":"https:\/\/rnoticias.com.mx\/Portal\/wp-json\/wp\/v2\/types\/post"}],"author":[{"embeddable":true,"href":"https:\/\/rnoticias.com.mx\/Portal\/wp-json\/wp\/v2\/users\/2"}],"replies":[{"embeddable":true,"href":"https:\/\/rnoticias.com.mx\/Portal\/wp-json\/wp\/v2\/comments?post=228987"}],"version-history":[{"count":1,"href":"https:\/\/rnoticias.com.mx\/Portal\/wp-json\/wp\/v2\/posts\/228987\/revisions"}],"predecessor-version":[{"id":228989,"href":"https:\/\/rnoticias.com.mx\/Portal\/wp-json\/wp\/v2\/posts\/228987\/revisions\/228989"}],"wp:featuredmedia":[{"embeddable":true,"href":"https:\/\/rnoticias.com.mx\/Portal\/wp-json\/wp\/v2\/media\/228988"}],"wp:attachment":[{"href":"https:\/\/rnoticias.com.mx\/Portal\/wp-json\/wp\/v2\/media?parent=228987"}],"wp:term":[{"taxonomy":"category","embeddable":true,"href":"https:\/\/rnoticias.com.mx\/Portal\/wp-json\/wp\/v2\/categories?post=228987"},{"taxonomy":"post_tag","embeddable":true,"href":"https:\/\/rnoticias.com.mx\/Portal\/wp-json\/wp\/v2\/tags?post=228987"}],"curies":[{"name":"wp","href":"https:\/\/api.w.org\/{rel}","templated":true}]}}