{"id":228975,"date":"2025-09-08T18:36:35","date_gmt":"2025-09-09T01:36:35","guid":{"rendered":"https:\/\/rnoticias.com.mx\/Portal\/?p=228975"},"modified":"2025-09-08T18:36:35","modified_gmt":"2025-09-09T01:36:35","slug":"parlamento-tumba-al-gobierno-del-primer-ministro-de-francia","status":"publish","type":"post","link":"https:\/\/rnoticias.com.mx\/Portal\/2025\/09\/08\/parlamento-tumba-al-gobierno-del-primer-ministro-de-francia\/","title":{"rendered":"Parlamento tumba al gobierno del primer ministro de Francia"},"content":{"rendered":"<p>El Parlamento de\u00a0<a href=\"https:\/\/www.informador.mx\/francia-t173\" target=\"_blank\" rel=\"noopener\"><strong>Francia<\/strong><\/a>\u00a0tumb\u00f3 este lunes 8 de septiembre al gobierno del primer ministro,<strong>\u00a0Fran\u00e7ois Bayrou<\/strong>, quien pidi\u00f3 someterse a una moci\u00f3n de confianza para lograr el apoyo a su plan de recortes presupuestario que busca sanear las cuentas p\u00fablicas.<\/p>\n<p><mark><strong>Sin sorpresas, 364 diputados votaron en contra<\/strong><\/mark>, entre ellos las oposiciones de izquierdas y de ultraderecha, anunci\u00f3 la presidenta de la Asamblea Nacional, Ya\u00ebl Braun-Pivet. Bayrou presentar\u00e1 su dimisi\u00f3n el martes, seg\u00fan su entorno.<\/p>\n<p>Desde el fallido adelanto electoral de 2024, Francia vive una profunda inestabilidad pol\u00edtica sin mayor\u00edas parlamentarias estables, en un contexto de elevada deuda p\u00fablica que alcanza alrededor del 114% del PIB.<\/p>\n<p><mark><strong>El parlamento tumb\u00f3 hoy a su segundo gobierno en nueve meses,<\/strong><\/mark>\u00a0durante un tenso debate consagrado a la deuda p\u00fablica, entre llamados a celebrar nuevas elecciones legislativas e incluso a la dimisi\u00f3n del presidente, Emmanuel Macron.<\/p>\n<p>Fran\u00e7ois Bayrou\u00a0<strong>buscaba convencer a los diputados de apoyar su plan presupuestario para 2026<\/strong>, que prev\u00e9 44 mil millones de euros (51 mil 600 millones de d\u00f3lares) de recortes.<\/p>\n<p>Aunque no estaba obligado a ello, Bayrou, de 74 a\u00f1os, decidi\u00f3 someterse a una moci\u00f3n de confianza que perdi\u00f3. Un total de 364 diputados votaron en contra, entre ellos las oposiciones de izquierda y ultraderecha, as\u00ed como algunos diputados aliados del gobierno y solamente 194 lo respaldaron.<\/p>\n<p>&#8220;Ustedes pueden derrocar al gobierno, pero no pueden borrar la realidad&#8221;, urgi\u00f3 en vano a los parlamentarios, a quienes alert\u00f3, entre interrupciones, de la situaci\u00f3n de &#8220;emergencia vital&#8221; que enfrenta la segunda econom\u00eda de la UE por su &#8220;sobreendeudamiento&#8221;.<\/p>\n<div class=\"div-pos-7\"><\/div>\n<p>El cuarto primer ministro de Macron desde 2022 debe presentar su dimisi\u00f3n oficialmente ma\u00f1ana martes, seg\u00fan su entorno. En la noche de hoy lunes, debe reunir a su gobierno para un &#8220;momento distendido&#8221;.<\/p>\n<h2>\u00bfNuevas elecciones en Francia?<\/h2>\n<p>El plan de recortes de Bayrou, que inclu\u00eda la supresi\u00f3n de dos d\u00edas feriados, relanz\u00f3 el malestar social. Este lunes, se convocaron concentraciones ante alcald\u00edas para celebrar su marcha.<\/p>\n<p>Sin embargo, las autoridades tienen la vista puesta en una jornada de protestas el mi\u00e9rcoles, impulsada a trav\u00e9s de las redes sociales bajo el lema &#8220;Bloqueemos todo&#8221;, y en la huelga &#8220;masiva&#8221; convocada el 18 de septiembre por los sindicatos.<\/p>\n<p>En este contexto, la presi\u00f3n se cierne sobre\u00a0<a href=\"https:\/\/www.informador.mx\/emmanuel-macron-t9266\" target=\"_blank\" rel=\"noopener\"><strong>Emmanuel Macron<\/strong><\/a>, que tiene ante \u00e9l varias soluciones, ninguna de ellas exenta de riesgos.<\/p>\n<p>La l\u00edder ultraderechista, Marine Le Pen, estim\u00f3 que Macron tiene la\u00a0<strong>&#8220;obligaci\u00f3n&#8221; moral de convocar elecciones legislativas anticipadas.<\/strong><\/p>\n<p><strong>Le Pen no podr\u00eda presentarse a los comicios al estar condenada a una pena de inhabilitaci\u00f3n por malversaci\u00f3n de fondos p\u00fablicos europeos.<\/strong>\u00a0Su juicio en apelaci\u00f3n tendr\u00e1 lugar entre el 13 de enero y el 12 de febrero pr\u00f3ximos.<\/p>\n<p>Seg\u00fan los sondeos, estos comicios dejar\u00edan de nuevo una Asamblea dividida en tres bloques -izquierda, centroderecha y ultraderecha- y sin mayor\u00edas estables, aunque con un ascenso del partido de Le Pen y una ca\u00edda del oficialismo.<\/p>\n<h2>\u00bfNuevo primer ministro?<\/h2>\n<p><mark><strong>Otra opci\u00f3n es el nombramiento de un nuevo primer ministro,<\/strong><\/mark>\u00a0que se enfrentar\u00eda al reto patente de conciliar los reclamos dispares de la oposici\u00f3n.<\/p>\n<p>Macron abog\u00f3 la semana pasada por mirar a su izquierda e intentar atraer a la oposici\u00f3n socialista al gobierno actual, formado por su alianza centrista y el partido conservador Los Republicanos (LR).<\/p>\n<p>&#8220;Estamos listos, que venga a buscarnos&#8221;, asegur\u00f3 este lunes el diputado socialista, Boris Vallaud, quien precis\u00f3, no obstante, que corresponde ahora formar gobierno a la &#8220;izquierda&#8221;, vencedora de las legislativas de 2024.<\/p>\n<p>El ex primer ministro y diputado oficialista Gabriel Attal propuso por su parte un &#8220;acuerdo de inter\u00e9s general&#8221; entre fuerzas pol\u00edticas durante los pr\u00f3ximos 18 meses para superar el bloqueo hasta el final del mandato de Macron en 2027.<\/p>\n<h2>\u00bfDimisi\u00f3n de Macron?<\/h2>\n<p>Sin embargo, las l\u00edneas rojas y los vetos cruzados de cada partido vuelve casi imposible garantizar una mayor\u00eda estable,\u00a0<mark><strong>en un contexto de presi\u00f3n creciente en los mercados para que Francia sanee sus cuentas p\u00fablicas.<\/strong><\/mark><\/p>\n<p>El viernes, la agencia Fitch tiene previsto anunciar su nueva calificaci\u00f3n de la deuda soberana de Francia. En marzo ya advirti\u00f3 que la degradar\u00eda si no lograba aplicar un &#8220;plan cre\u00edble&#8221; que permita reducirla a medio plazo.<\/p>\n<p>La ca\u00edda de un nuevo gobierno podr\u00eda abocar a Macron a la dimisi\u00f3n. El presidente ya descart\u00f3 este escenario, que un 64% de franceses quiere, seg\u00fan un sondeo reciente de Odoxa-Backbone, y que la izquierda radical ya reclama.<\/p>\n<p><strong>&#8220;Bayrou cay\u00f3 (\u2026) Macron ahora est\u00e1 en primera l\u00ednea frente al pueblo. \u00c9l tambi\u00e9n debe irse&#8221;,<\/strong>\u00a0escribi\u00f3 el l\u00edder izquierdista Jean-Luc M\u00e9lenchon en la red social X.<\/p>\n","protected":false},"excerpt":{"rendered":"<p>El Parlamento de\u00a0Francia\u00a0tumb\u00f3 este lunes 8 de septiembre al gobierno del primer ministro,\u00a0Fran\u00e7ois Bayrou, quien pidi\u00f3 someterse a una moci\u00f3n de confianza para lograr el apoyo a su plan de recortes presupuestario que busca sanear las cuentas p\u00fablicas. Sin sorpresas, 364 diputados votaron en contra, entre ellos las oposiciones de izquierdas y de ultraderecha, anunci\u00f3 [&hellip;]<\/p>\n","protected":false},"author":2,"featured_media":228976,"comment_status":"closed","ping_status":"closed","sticky":false,"template":"","format":"standard","meta":{"footnotes":""},"categories":[12870,182],"tags":[12865,12871],"class_list":["post-228975","post","type-post","status-publish","format-standard","has-post-thumbnail","hentry","category-destacadas","category-internacional","tag-destacadas","tag-internacional"],"jetpack_featured_media_url":"https:\/\/rnoticias.com.mx\/Portal\/wp-content\/uploads\/2025\/09\/a-3.webp","amp_enabled":true,"_links":{"self":[{"href":"https:\/\/rnoticias.com.mx\/Portal\/wp-json\/wp\/v2\/posts\/228975","targetHints":{"allow":["GET"]}}],"collection":[{"href":"https:\/\/rnoticias.com.mx\/Portal\/wp-json\/wp\/v2\/posts"}],"about":[{"href":"https:\/\/rnoticias.com.mx\/Portal\/wp-json\/wp\/v2\/types\/post"}],"author":[{"embeddable":true,"href":"https:\/\/rnoticias.com.mx\/Portal\/wp-json\/wp\/v2\/users\/2"}],"replies":[{"embeddable":true,"href":"https:\/\/rnoticias.com.mx\/Portal\/wp-json\/wp\/v2\/comments?post=228975"}],"version-history":[{"count":1,"href":"https:\/\/rnoticias.com.mx\/Portal\/wp-json\/wp\/v2\/posts\/228975\/revisions"}],"predecessor-version":[{"id":228977,"href":"https:\/\/rnoticias.com.mx\/Portal\/wp-json\/wp\/v2\/posts\/228975\/revisions\/228977"}],"wp:featuredmedia":[{"embeddable":true,"href":"https:\/\/rnoticias.com.mx\/Portal\/wp-json\/wp\/v2\/media\/228976"}],"wp:attachment":[{"href":"https:\/\/rnoticias.com.mx\/Portal\/wp-json\/wp\/v2\/media?parent=228975"}],"wp:term":[{"taxonomy":"category","embeddable":true,"href":"https:\/\/rnoticias.com.mx\/Portal\/wp-json\/wp\/v2\/categories?post=228975"},{"taxonomy":"post_tag","embeddable":true,"href":"https:\/\/rnoticias.com.mx\/Portal\/wp-json\/wp\/v2\/tags?post=228975"}],"curies":[{"name":"wp","href":"https:\/\/api.w.org\/{rel}","templated":true}]}}