{"id":228972,"date":"2025-09-08T18:34:53","date_gmt":"2025-09-09T01:34:53","guid":{"rendered":"https:\/\/rnoticias.com.mx\/Portal\/?p=228972"},"modified":"2025-09-08T18:34:53","modified_gmt":"2025-09-09T01:34:53","slug":"retorica-y-politicas-de-trump-reducen-el-turismo-en-estados-unidos","status":"publish","type":"post","link":"https:\/\/rnoticias.com.mx\/Portal\/2025\/09\/08\/retorica-y-politicas-de-trump-reducen-el-turismo-en-estados-unidos\/","title":{"rendered":"Ret\u00f3rica y pol\u00edticas de Trump reducen el turismo en Estados Unidos"},"content":{"rendered":"<p><mark><strong>Las pol\u00edticas del presidente estadounidense, Donald Trump, entre las que se incluyen sus medidas antimigraci\u00f3n y aranceles generalizados,\u00a0<\/strong><\/mark>empiezan a hacer mella en el turismo, que ha disminuido en lo que va de a\u00f1o, siendo especialmente destacable la reticencia de los canadienses a viajar al pa\u00eds vecino.<\/p>\n<p>Seg\u00fan la firma de an\u00e1lisis Tourism Economics, que contabiliza sus datos hasta julio,\u00a0<strong>los viajes a Estados Unidos desde el extranjero han descendido un 3.9 % en lo que va de a\u00f1o.<\/strong><\/p>\n<p><mark><strong>Adem\u00e1s, solo en julio las visitas internacionales se redujeron en un 3.1 %, sin contar con los datos de Canad\u00e1 y M\u00e9xico.<\/strong><\/mark><\/p>\n<p><strong>Las preocupaciones geopol\u00edticas y una &#8220;ret\u00f3rica dura&#8221; por parte del Gobierno han contribuido a la &#8220;imprevisibilidad&#8221; y a un &#8220;sentimiento negativo global hacia los viajes a Estados Unidos&#8221;\u00a0<\/strong>que han lastrado las visitas internacionales, indica la entidad.<\/p>\n<p>Aran Ryan, director de Estudios Industriales en Tourism Economics, \u00a0indic\u00f3 que el descenso de las llegadas a Estados Unidos es<strong>\u00a0&#8220;la consecuencia evidente de una combinaci\u00f3n de pol\u00edticas y declaraciones de la Administraci\u00f3n Trump que han cambiado el sentimiento y suscitado preocupaci\u00f3n entre muchos potenciales viajeros&#8221;.<\/strong><\/p>\n<p><mark><strong>En este sentido, puso como ejemplo las &#8220;negociaciones comerciales adversas&#8221;,\u00a0<\/strong><\/mark>las medidas de inmigraci\u00f3n y seguridad fronteriza y, en el caso de Canad\u00e1, las declaraciones que desaf\u00edan la soberan\u00eda nacional de ese pa\u00eds.<\/p>\n<p><strong>Las restricciones de viaje a 19 pa\u00edses impuestas por Trump el pasado junio contribuir\u00e1n a la percepci\u00f3n de Estados Unidos\u00a0<\/strong>&#8220;como un destino menos predecible y acogedor&#8221;, agreg\u00f3 adem\u00e1s Ryan.<\/p>\n<p>En cuanto a la industria hotelera, la tasa de ocupaci\u00f3n de hoteles en Estados Unidos se sit\u00faa en lo que va de a\u00f1o -contando hasta julio- en el 63.1 %, en comparaci\u00f3n con el 63.5 % del a\u00f1o anterior,<mark><strong>\u00a0seg\u00fan datos preliminares de Costar, proveedor de an\u00e1lisis y datos sobre el sector inmobiliario.<\/strong><\/mark><\/p>\n<p><strong>En concreto, la estancia en hoteles estadounidenses se redujo levemente durante todos los meses de verano: en junio fue un 68.5 %,<\/strong>\u00a0frente al 69.7 % de un a\u00f1o atr\u00e1s; en julio, de un 66.4 %, frente al 67.2 %, y en agosto fue del 66.4 %, frente al 67.2 %.<\/p>\n<p><strong>En mayo, el Consejo Mundial de Viajes y Turismo (WTTC) pronostic\u00f3 que Estados Unidos perder\u00eda 12 mil 500 millones de d\u00f3lares en gasto de viajeros internacionales este a\u00f1o,\u00a0<\/strong>un descenso del 22.5 % interanual.<\/p>\n<p><mark><strong>La presidenta y directora ejecutiva del WTTC, Julia Simpson, advirti\u00f3 entonces de que, mientras otros pa\u00edses despliegan &#8220;la alfombra de bienvenida&#8221;,<\/strong><\/mark>\u00a0Estados Unidos coloca &#8220;el cartel de cerrado&#8221;.<\/p>\n","protected":false},"excerpt":{"rendered":"<p>Las pol\u00edticas del presidente estadounidense, Donald Trump, entre las que se incluyen sus medidas antimigraci\u00f3n y aranceles generalizados,\u00a0empiezan a hacer mella en el turismo, que ha disminuido en lo que va de a\u00f1o, siendo especialmente destacable la reticencia de los canadienses a viajar al pa\u00eds vecino. Seg\u00fan la firma de an\u00e1lisis Tourism Economics, que contabiliza [&hellip;]<\/p>\n","protected":false},"author":2,"featured_media":228973,"comment_status":"closed","ping_status":"closed","sticky":false,"template":"","format":"standard","meta":{"footnotes":""},"categories":[12870,182],"tags":[12865,12871],"class_list":["post-228972","post","type-post","status-publish","format-standard","has-post-thumbnail","hentry","category-destacadas","category-internacional","tag-destacadas","tag-internacional"],"jetpack_featured_media_url":"https:\/\/rnoticias.com.mx\/Portal\/wp-content\/uploads\/2025\/09\/68ab57f9daec3.r_d.1442-828.jpeg","amp_enabled":true,"_links":{"self":[{"href":"https:\/\/rnoticias.com.mx\/Portal\/wp-json\/wp\/v2\/posts\/228972","targetHints":{"allow":["GET"]}}],"collection":[{"href":"https:\/\/rnoticias.com.mx\/Portal\/wp-json\/wp\/v2\/posts"}],"about":[{"href":"https:\/\/rnoticias.com.mx\/Portal\/wp-json\/wp\/v2\/types\/post"}],"author":[{"embeddable":true,"href":"https:\/\/rnoticias.com.mx\/Portal\/wp-json\/wp\/v2\/users\/2"}],"replies":[{"embeddable":true,"href":"https:\/\/rnoticias.com.mx\/Portal\/wp-json\/wp\/v2\/comments?post=228972"}],"version-history":[{"count":1,"href":"https:\/\/rnoticias.com.mx\/Portal\/wp-json\/wp\/v2\/posts\/228972\/revisions"}],"predecessor-version":[{"id":228974,"href":"https:\/\/rnoticias.com.mx\/Portal\/wp-json\/wp\/v2\/posts\/228972\/revisions\/228974"}],"wp:featuredmedia":[{"embeddable":true,"href":"https:\/\/rnoticias.com.mx\/Portal\/wp-json\/wp\/v2\/media\/228973"}],"wp:attachment":[{"href":"https:\/\/rnoticias.com.mx\/Portal\/wp-json\/wp\/v2\/media?parent=228972"}],"wp:term":[{"taxonomy":"category","embeddable":true,"href":"https:\/\/rnoticias.com.mx\/Portal\/wp-json\/wp\/v2\/categories?post=228972"},{"taxonomy":"post_tag","embeddable":true,"href":"https:\/\/rnoticias.com.mx\/Portal\/wp-json\/wp\/v2\/tags?post=228972"}],"curies":[{"name":"wp","href":"https:\/\/api.w.org\/{rel}","templated":true}]}}