{"id":228957,"date":"2025-09-08T18:10:49","date_gmt":"2025-09-09T01:10:49","guid":{"rendered":"https:\/\/rnoticias.com.mx\/Portal\/?p=228957"},"modified":"2025-09-08T18:10:49","modified_gmt":"2025-09-09T01:10:49","slug":"peso-pluma-es-nombrado-embajador-de-la-semana-de-la-moda-de-nueva-york","status":"publish","type":"post","link":"https:\/\/rnoticias.com.mx\/Portal\/2025\/09\/08\/peso-pluma-es-nombrado-embajador-de-la-semana-de-la-moda-de-nueva-york\/","title":{"rendered":"Peso Pluma es nombrado embajador de la Semana de la Moda de Nueva York"},"content":{"rendered":"<p><strong>Peso Pluma<\/strong>, uno de los m\u00e1ximos exponentes actuales de corridos tumbados y trap latino,\u00a0<mark>se convirti\u00f3 este lunes en el primer artista mexicano en ser nombrado embajador de la Semana de la Moda de Nueva York (NYFW, por sus siglas en ingl\u00e9s) de 2025<\/mark>, la cual\u00a0<strong>comenzar\u00e1 el pr\u00f3ximo jueves 11 de septiembre.<\/strong><\/p>\n<p>De acuerdo con un comunicado,\u00a0<mark>el Consejo de Dise\u00f1adores de Moda de Estados Unidos (CFDA) otorg\u00f3 oficialmente este t\u00edtulo al artista<\/mark>, luego de haber adelantado la noticia la semana pasada.<\/p>\n<p>Como embajador, Peso Pluma, de 26 a\u00f1os, asistir\u00e1 a la inauguraci\u00f3n de la<strong>\u00a0temporada primavera verano de 2026<\/strong>\u00a0junto al presidente de la CFDA, Thom Brown; los dise\u00f1adores Michael Korse y Anna Sui; la modelo Anok Yai y la cantante puertorrique\u00f1a Young Miko.<\/p>\n<p>&#8220;Este nombramiento convierte a Peso en la imagen de la NYFW y en\u00a0<mark>un s\u00edmbolo de la creciente influencia de la m\u00fasica y la cultura latinas en el panorama mundial de la moda&#8221;, apunta el comunicado.<\/mark><\/p>\n<p>El mexicano formar\u00e1 parte del<strong>\u00a0NYFW Live en el Rockefeller Center<\/strong>, que retransmite en directo las colecciones de dise\u00f1adores estadounidenses que presentan sus trabajos esta semana en la ciudad.<\/p>\n<p>Peso Pluma, oriundo de Guadalajara, gan\u00f3 fama en 2023 con canciones como &#8216;Ella Baila Sola&#8217; y ya cosecha m\u00e1s de 38 millones de oyentes mensuales en Spotify.<\/p>\n<p>El m\u00fasico, que gan\u00f3 en 2024 un Grammy al mejor \u00e1lbum de m\u00fasica mexicana, ya asisti\u00f3 a la Semana de la Moda de Nueva York de principios de este a\u00f1o, cuando\u00a0<mark>form\u00f3 parte del p\u00fablico en el desfile de la colecci\u00f3n oto\u00f1o-invierno de Thom Browne.\u00a0<\/mark><\/p>\n<p>Este septiembre, el evento m\u00e1s esperado de la moda en la Gran Manzana cuenta con dise\u00f1adores de la talla de Michael Kors y Calvin Klein, aunque destaca la ausencia de veteranos como Carolina Herrera, Tommy Hilfiger o Ralph Lauren.<\/p>\n","protected":false},"excerpt":{"rendered":"<p>Peso Pluma, uno de los m\u00e1ximos exponentes actuales de corridos tumbados y trap latino,\u00a0se convirti\u00f3 este lunes en el primer artista mexicano en ser nombrado embajador de la Semana de la Moda de Nueva York (NYFW, por sus siglas en ingl\u00e9s) de 2025, la cual\u00a0comenzar\u00e1 el pr\u00f3ximo jueves 11 de septiembre. De acuerdo con un [&hellip;]<\/p>\n","protected":false},"author":2,"featured_media":228958,"comment_status":"closed","ping_status":"closed","sticky":false,"template":"","format":"standard","meta":{"footnotes":""},"categories":[12870,219],"tags":[12865,12875],"class_list":["post-228957","post","type-post","status-publish","format-standard","has-post-thumbnail","hentry","category-destacadas","category-espectaculos","tag-destacadas","tag-espectaculos"],"jetpack_featured_media_url":"https:\/\/rnoticias.com.mx\/Portal\/wp-content\/uploads\/2025\/09\/OBJ_20250202T205300S0012I_1_1_1_15_7_6.webp","amp_enabled":true,"_links":{"self":[{"href":"https:\/\/rnoticias.com.mx\/Portal\/wp-json\/wp\/v2\/posts\/228957","targetHints":{"allow":["GET"]}}],"collection":[{"href":"https:\/\/rnoticias.com.mx\/Portal\/wp-json\/wp\/v2\/posts"}],"about":[{"href":"https:\/\/rnoticias.com.mx\/Portal\/wp-json\/wp\/v2\/types\/post"}],"author":[{"embeddable":true,"href":"https:\/\/rnoticias.com.mx\/Portal\/wp-json\/wp\/v2\/users\/2"}],"replies":[{"embeddable":true,"href":"https:\/\/rnoticias.com.mx\/Portal\/wp-json\/wp\/v2\/comments?post=228957"}],"version-history":[{"count":1,"href":"https:\/\/rnoticias.com.mx\/Portal\/wp-json\/wp\/v2\/posts\/228957\/revisions"}],"predecessor-version":[{"id":228959,"href":"https:\/\/rnoticias.com.mx\/Portal\/wp-json\/wp\/v2\/posts\/228957\/revisions\/228959"}],"wp:featuredmedia":[{"embeddable":true,"href":"https:\/\/rnoticias.com.mx\/Portal\/wp-json\/wp\/v2\/media\/228958"}],"wp:attachment":[{"href":"https:\/\/rnoticias.com.mx\/Portal\/wp-json\/wp\/v2\/media?parent=228957"}],"wp:term":[{"taxonomy":"category","embeddable":true,"href":"https:\/\/rnoticias.com.mx\/Portal\/wp-json\/wp\/v2\/categories?post=228957"},{"taxonomy":"post_tag","embeddable":true,"href":"https:\/\/rnoticias.com.mx\/Portal\/wp-json\/wp\/v2\/tags?post=228957"}],"curies":[{"name":"wp","href":"https:\/\/api.w.org\/{rel}","templated":true}]}}