{"id":228945,"date":"2025-09-08T18:03:36","date_gmt":"2025-09-09T01:03:36","guid":{"rendered":"https:\/\/rnoticias.com.mx\/Portal\/?p=228945"},"modified":"2025-09-08T18:03:36","modified_gmt":"2025-09-09T01:03:36","slug":"de-gran-apoyo-para-la-ganaderia-sonorense-sera-el-programa-de-produccion-de-carne-anunciado-por-la-presidenta-de-mexico-ugrs","status":"publish","type":"post","link":"https:\/\/rnoticias.com.mx\/Portal\/2025\/09\/08\/de-gran-apoyo-para-la-ganaderia-sonorense-sera-el-programa-de-produccion-de-carne-anunciado-por-la-presidenta-de-mexico-ugrs\/","title":{"rendered":"De gran apoyo para la ganader\u00eda sonorense ser\u00e1 el programa de producci\u00f3n de carne anunciado por la Presidenta de M\u00e9xico: UGRS"},"content":{"rendered":"<p>El presidente de la Uni\u00f3n Ganadera Regional de Sonora (UGRS), Juan Ochoa Valenzuela, calific\u00f3 como un respaldo hist\u00f3rico para el sector el programa de producci\u00f3n de carne anunciado por la presidenta Claudia Sheinbaum durante su visita al estado.<\/p>\n<p>&nbsp;<\/p>\n<p>Explic\u00f3 que este plan permitir\u00e1 impulsar la reconversi\u00f3n de la ganader\u00eda sonorense, que busca transitar de la exportaci\u00f3n de materia prima a la exportaci\u00f3n de carne con valor agregado, lo cual abrir\u00e1 nuevas alternativas de mercado.<\/p>\n<p>&nbsp;<\/p>\n<p>\u201cPara esto obviamente se busc\u00f3 de la mano del gobernador del Estado,\u00a0la posibilidad de conseguir fondos para para transitar en esto\u00a0y poder hacer un rastro con sala de corte, corrales, planta de alimento y etc\u00e9tera para poder ofrecerle al Estado de Sonora la alternativa de mercado. Esto no quiere decir que vayamos a descuidar el tema de la exportaci\u00f3n\u00a0y exportaci\u00f3n de ganado, seguimos nosotros buscando la reapertura,\u00a0tenemos un rezago grande de ganado y este es un plan que hoy comienza\u201d, cont\u00f3.<\/p>\n<p>&nbsp;<\/p>\n<p>De los 831 millones de pesos anunciados, precis\u00f3, 406 millones ser\u00e1n para el parque industrial, 35 millones para mejorar la gen\u00e9tica, y 360 millones para cr\u00e9ditos con apoyo en las tasas de inter\u00e9s, uno de los principales retos que enfrentan actualmente los productores.<\/p>\n<p>&nbsp;<\/p>\n<p>Finalmente, destac\u00f3 que la reconversi\u00f3n permitir\u00e1 a Sonora no depender de un solo mercado, sobre todo ante los cierres fronterizos que, dijo, se prev\u00e9 sigan ocurriendo.<\/p>\n<p>&nbsp;<\/p>\n<p>\u201cAspiramos a tener dos puertas de mercado y que los productores puedan escoger cu\u00e1l les conviene m\u00e1s\u201d, puntualiz\u00f3.<\/p>\n<p>&nbsp;<\/p>\n","protected":false},"excerpt":{"rendered":"<p>El presidente de la Uni\u00f3n Ganadera Regional de Sonora (UGRS), Juan Ochoa Valenzuela, calific\u00f3 como un respaldo hist\u00f3rico para el sector el programa de producci\u00f3n de carne anunciado por la presidenta Claudia Sheinbaum durante su visita al estado. &nbsp; Explic\u00f3 que este plan permitir\u00e1 impulsar la reconversi\u00f3n de la ganader\u00eda sonorense, que busca transitar de [&hellip;]<\/p>\n","protected":false},"author":2,"featured_media":228946,"comment_status":"closed","ping_status":"closed","sticky":false,"template":"","format":"standard","meta":{"footnotes":""},"categories":[12870,178],"tags":[12865,12869],"class_list":["post-228945","post","type-post","status-publish","format-standard","has-post-thumbnail","hentry","category-destacadas","category-local","tag-destacadas","tag-local"],"jetpack_featured_media_url":"https:\/\/rnoticias.com.mx\/Portal\/wp-content\/uploads\/2025\/09\/WhatsApp-Image-2025-02-06-at-12.53.01-PM.jpeg","amp_enabled":true,"_links":{"self":[{"href":"https:\/\/rnoticias.com.mx\/Portal\/wp-json\/wp\/v2\/posts\/228945","targetHints":{"allow":["GET"]}}],"collection":[{"href":"https:\/\/rnoticias.com.mx\/Portal\/wp-json\/wp\/v2\/posts"}],"about":[{"href":"https:\/\/rnoticias.com.mx\/Portal\/wp-json\/wp\/v2\/types\/post"}],"author":[{"embeddable":true,"href":"https:\/\/rnoticias.com.mx\/Portal\/wp-json\/wp\/v2\/users\/2"}],"replies":[{"embeddable":true,"href":"https:\/\/rnoticias.com.mx\/Portal\/wp-json\/wp\/v2\/comments?post=228945"}],"version-history":[{"count":1,"href":"https:\/\/rnoticias.com.mx\/Portal\/wp-json\/wp\/v2\/posts\/228945\/revisions"}],"predecessor-version":[{"id":228947,"href":"https:\/\/rnoticias.com.mx\/Portal\/wp-json\/wp\/v2\/posts\/228945\/revisions\/228947"}],"wp:featuredmedia":[{"embeddable":true,"href":"https:\/\/rnoticias.com.mx\/Portal\/wp-json\/wp\/v2\/media\/228946"}],"wp:attachment":[{"href":"https:\/\/rnoticias.com.mx\/Portal\/wp-json\/wp\/v2\/media?parent=228945"}],"wp:term":[{"taxonomy":"category","embeddable":true,"href":"https:\/\/rnoticias.com.mx\/Portal\/wp-json\/wp\/v2\/categories?post=228945"},{"taxonomy":"post_tag","embeddable":true,"href":"https:\/\/rnoticias.com.mx\/Portal\/wp-json\/wp\/v2\/tags?post=228945"}],"curies":[{"name":"wp","href":"https:\/\/api.w.org\/{rel}","templated":true}]}}