{"id":228942,"date":"2025-09-08T17:58:20","date_gmt":"2025-09-09T00:58:20","guid":{"rendered":"https:\/\/rnoticias.com.mx\/Portal\/?p=228942"},"modified":"2025-09-08T17:58:20","modified_gmt":"2025-09-09T00:58:20","slug":"se-registra-sismo-en-oaxaca-se-percibe-en-cdmx","status":"publish","type":"post","link":"https:\/\/rnoticias.com.mx\/Portal\/2025\/09\/08\/se-registra-sismo-en-oaxaca-se-percibe-en-cdmx\/","title":{"rendered":"Se registra sismo en Oaxaca; se percibe en CDMX"},"content":{"rendered":"<p>La tarde de este lunes\u00a0<strong>8 de septiembre\u00a0<\/strong>de 2025 se registr\u00f3 un sismo de<strong>\u00a0magnitud preliminar 5.2\u00a0<\/strong>con epicentro a 1 kil\u00f3metro al norte de\u00a0<strong>Pinotepa Nacional, Oaxaca<\/strong>, inform\u00f3 el\u00a0<strong>Servicio Sismol\u00f3gico Nacional<\/strong>.<\/p>\n<p>El movimiento tel\u00farico ocurri\u00f3 a las\u00a0<strong>16:33 horas<\/strong>, con una profundidad de 10 kil\u00f3metros, y\u00a0<strong>fue percibido en diversas comunidades de la regi\u00f3n de la Costa y en localidades cercanas al epicentro,\u00a0<\/strong>as\u00ed como en la Ciudad de M\u00e9xico donde\u00a0no se activ\u00f3 la alerta s\u00edsmica debido a que no super\u00f3 los niveles de activaci\u00f3n.<\/p>\n<p>Hasta el momento no se reportan da\u00f1os materiales de consideraci\u00f3n ni personas lesionadas; sin embargo, autoridades de protecci\u00f3n civil mantienen el monitoreo en la zona para descartar riesgos y recomiendan a la poblaci\u00f3n seguir los protocolos de seguridad en caso de posibles r\u00e9plicas.<\/p>\n","protected":false},"excerpt":{"rendered":"<p>La tarde de este lunes\u00a08 de septiembre\u00a0de 2025 se registr\u00f3 un sismo de\u00a0magnitud preliminar 5.2\u00a0con epicentro a 1 kil\u00f3metro al norte de\u00a0Pinotepa Nacional, Oaxaca, inform\u00f3 el\u00a0Servicio Sismol\u00f3gico Nacional. El movimiento tel\u00farico ocurri\u00f3 a las\u00a016:33 horas, con una profundidad de 10 kil\u00f3metros, y\u00a0fue percibido en diversas comunidades de la regi\u00f3n de la Costa y en localidades [&hellip;]<\/p>\n","protected":false},"author":2,"featured_media":228943,"comment_status":"closed","ping_status":"closed","sticky":false,"template":"","format":"standard","meta":{"footnotes":""},"categories":[12870,172],"tags":[12865,12874],"class_list":["post-228942","post","type-post","status-publish","format-standard","has-post-thumbnail","hentry","category-destacadas","category-nacional","tag-destacadas","tag-nacional"],"jetpack_featured_media_url":"https:\/\/rnoticias.com.mx\/Portal\/wp-content\/uploads\/2025\/09\/ImageTransformer.jpg","amp_enabled":true,"_links":{"self":[{"href":"https:\/\/rnoticias.com.mx\/Portal\/wp-json\/wp\/v2\/posts\/228942","targetHints":{"allow":["GET"]}}],"collection":[{"href":"https:\/\/rnoticias.com.mx\/Portal\/wp-json\/wp\/v2\/posts"}],"about":[{"href":"https:\/\/rnoticias.com.mx\/Portal\/wp-json\/wp\/v2\/types\/post"}],"author":[{"embeddable":true,"href":"https:\/\/rnoticias.com.mx\/Portal\/wp-json\/wp\/v2\/users\/2"}],"replies":[{"embeddable":true,"href":"https:\/\/rnoticias.com.mx\/Portal\/wp-json\/wp\/v2\/comments?post=228942"}],"version-history":[{"count":1,"href":"https:\/\/rnoticias.com.mx\/Portal\/wp-json\/wp\/v2\/posts\/228942\/revisions"}],"predecessor-version":[{"id":228944,"href":"https:\/\/rnoticias.com.mx\/Portal\/wp-json\/wp\/v2\/posts\/228942\/revisions\/228944"}],"wp:featuredmedia":[{"embeddable":true,"href":"https:\/\/rnoticias.com.mx\/Portal\/wp-json\/wp\/v2\/media\/228943"}],"wp:attachment":[{"href":"https:\/\/rnoticias.com.mx\/Portal\/wp-json\/wp\/v2\/media?parent=228942"}],"wp:term":[{"taxonomy":"category","embeddable":true,"href":"https:\/\/rnoticias.com.mx\/Portal\/wp-json\/wp\/v2\/categories?post=228942"},{"taxonomy":"post_tag","embeddable":true,"href":"https:\/\/rnoticias.com.mx\/Portal\/wp-json\/wp\/v2\/tags?post=228942"}],"curies":[{"name":"wp","href":"https:\/\/api.w.org\/{rel}","templated":true}]}}