{"id":228939,"date":"2025-09-08T17:53:32","date_gmt":"2025-09-09T00:53:32","guid":{"rendered":"https:\/\/rnoticias.com.mx\/Portal\/?p=228939"},"modified":"2025-09-08T17:53:32","modified_gmt":"2025-09-09T00:53:32","slug":"bajan-radicalmente-las-probabilidades-de-lluvias-para-sonora-pero-aumentan-los-valores-en-las-temperaturas-conagua","status":"publish","type":"post","link":"https:\/\/rnoticias.com.mx\/Portal\/2025\/09\/08\/bajan-radicalmente-las-probabilidades-de-lluvias-para-sonora-pero-aumentan-los-valores-en-las-temperaturas-conagua\/","title":{"rendered":"Bajan radicalmente las probabilidades de lluvias para Sonora pero aumentan los valores en las temperaturas: Conagua"},"content":{"rendered":"<p>Para el inicio de semana se esperan bajas probabilidades de lluvia en gran parte del estado de Sonora debido a la disminuci\u00f3n en la afluencia de humedad, inform\u00f3 Gilberto Lagarda V\u00e1zquez, especialista t\u00e9cnico de la Comisi\u00f3n Nacional del Agua (Conagua).<\/p>\n<p>&nbsp;<\/p>\n<p>Explic\u00f3 que, aunque el monz\u00f3n a\u00fan se mantiene activo, las condiciones actuales no son favorables para precipitaciones, al menos durante este lunes.<\/p>\n<p>&nbsp;<\/p>\n<p>\u201cPara ma\u00f1ana martes se espera pues ya un potencial bajo de 30%,\u00a0para la parte sur del Estado y para el ya el mi\u00e9rcoles ya se normaliza un poco lo que es la\u00a0condici\u00f3n de lluvia, sobre todo en el oriente del Estado y en segundo t\u00e9rmino el sur de la\u00a0entidad. As\u00ed que tendremos ya un mayor potencial arriba del 40% de lluvias ligeras a partir del\u00a0mi\u00e9rcoles en adelante para estas zonas del Estado de Sonora\u201d, detall\u00f3.<\/p>\n<p>&nbsp;<\/p>\n<p>En cuanto a las temperaturas, Lagarda V\u00e1zquez se\u00f1al\u00f3 que el arranque de semana ser\u00e1 caluroso, con valores m\u00e1ximos cercanos a los 40 grados cent\u00edgrados en el centro, sur y noroeste del estado.<\/p>\n<p>&nbsp;<\/p>\n<p>No obstante, conforme retornen las lluvias a mediados de semana, podr\u00eda registrarse un ligero descenso en las temperaturas m\u00e1ximas, lo que permitir\u00eda que en varias zonas de Sonora se deje de superar la barrera de los 40 grados.<\/p>\n<p>&nbsp;<\/p>\n","protected":false},"excerpt":{"rendered":"<p>Para el inicio de semana se esperan bajas probabilidades de lluvia en gran parte del estado de Sonora debido a la disminuci\u00f3n en la afluencia de humedad, inform\u00f3 Gilberto Lagarda V\u00e1zquez, especialista t\u00e9cnico de la Comisi\u00f3n Nacional del Agua (Conagua). &nbsp; Explic\u00f3 que, aunque el monz\u00f3n a\u00fan se mantiene activo, las condiciones actuales no son [&hellip;]<\/p>\n","protected":false},"author":2,"featured_media":228940,"comment_status":"closed","ping_status":"closed","sticky":false,"template":"","format":"standard","meta":{"footnotes":""},"categories":[12870,178],"tags":[12865,12869],"class_list":["post-228939","post","type-post","status-publish","format-standard","has-post-thumbnail","hentry","category-destacadas","category-local","tag-destacadas","tag-local"],"jetpack_featured_media_url":"https:\/\/rnoticias.com.mx\/Portal\/wp-content\/uploads\/2025\/09\/Calor-4.jpeg.webp","amp_enabled":true,"_links":{"self":[{"href":"https:\/\/rnoticias.com.mx\/Portal\/wp-json\/wp\/v2\/posts\/228939","targetHints":{"allow":["GET"]}}],"collection":[{"href":"https:\/\/rnoticias.com.mx\/Portal\/wp-json\/wp\/v2\/posts"}],"about":[{"href":"https:\/\/rnoticias.com.mx\/Portal\/wp-json\/wp\/v2\/types\/post"}],"author":[{"embeddable":true,"href":"https:\/\/rnoticias.com.mx\/Portal\/wp-json\/wp\/v2\/users\/2"}],"replies":[{"embeddable":true,"href":"https:\/\/rnoticias.com.mx\/Portal\/wp-json\/wp\/v2\/comments?post=228939"}],"version-history":[{"count":1,"href":"https:\/\/rnoticias.com.mx\/Portal\/wp-json\/wp\/v2\/posts\/228939\/revisions"}],"predecessor-version":[{"id":228941,"href":"https:\/\/rnoticias.com.mx\/Portal\/wp-json\/wp\/v2\/posts\/228939\/revisions\/228941"}],"wp:featuredmedia":[{"embeddable":true,"href":"https:\/\/rnoticias.com.mx\/Portal\/wp-json\/wp\/v2\/media\/228940"}],"wp:attachment":[{"href":"https:\/\/rnoticias.com.mx\/Portal\/wp-json\/wp\/v2\/media?parent=228939"}],"wp:term":[{"taxonomy":"category","embeddable":true,"href":"https:\/\/rnoticias.com.mx\/Portal\/wp-json\/wp\/v2\/categories?post=228939"},{"taxonomy":"post_tag","embeddable":true,"href":"https:\/\/rnoticias.com.mx\/Portal\/wp-json\/wp\/v2\/tags?post=228939"}],"curies":[{"name":"wp","href":"https:\/\/api.w.org\/{rel}","templated":true}]}}