{"id":228911,"date":"2025-09-07T20:50:43","date_gmt":"2025-09-08T03:50:43","guid":{"rendered":"https:\/\/rnoticias.com.mx\/Portal\/?p=228911"},"modified":"2025-09-07T20:50:43","modified_gmt":"2025-09-08T03:50:43","slug":"anuncian-sheinbaum-y-durazo-programa-de-produccion-de-carne-en-respaldo-a-ganaderos","status":"publish","type":"post","link":"https:\/\/rnoticias.com.mx\/Portal\/2025\/09\/07\/anuncian-sheinbaum-y-durazo-programa-de-produccion-de-carne-en-respaldo-a-ganaderos\/","title":{"rendered":"Anuncian Sheinbaum y Durazo programa de producci\u00f3n de carne en respaldo a ganaderos"},"content":{"rendered":"<p align=\"left\">Hermosillo, Sonora; 7 de\u00a0 septiembre de 2025.- Como parte de las acciones para respaldar la actividad ganadera en Sonora por el cierre de la frontera a las exportaciones de M\u00e9xico hacia Estados Unidos, el gobernador Alfonso Durazo Monta\u00f1o y la presidenta Claudia Sheinbaum Pardo, anunciaron un programa integral para la producci\u00f3n de carne al mercado interno que contempla recursos por el orden de los 831 millones de pesos.<\/p>\n<p align=\"left\">En el marco de la presentaci\u00f3n de su primer informe de gobierno ante el pueblo de Sonora, la presidenta de M\u00e9xico asegur\u00f3 que la situaci\u00f3n del gusano barrenador no afecta a la entidad, y que se mantienen altos est\u00e1ndares sanitarios de cuidado del ganado que han impedido la llegada de esta bacteria al territorio sonorense.<\/p>\n<p align=\"left\">\u201cEl problema del gusano barrenador no llega a Sonora, porque aqu\u00ed hay mucho control del ganado, hay mucha responsabilidad en los ganaderos de Sonora, ni tampoco a otros estados de la rep\u00fablica del norte, y que adem\u00e1s hemos tomado muchas medidas en el sur del pa\u00eds para controlar ese problema, y estamos trabajando conjuntamente\u201d, indic\u00f3 la presidenta Sheinbaum Pardo.<\/p>\n<p align=\"left\">En este programa, que ha sido impulsado conjuntamente por el gobernador Alfonso Durazo y la presidenta Sheinbaum, en coordinaci\u00f3n con las asociaciones ganaderas locales, se contempla la entrega de sementales bovinos, un fondo de cr\u00e9dito para engorda con baja tasa de inter\u00e9s, y la construcci\u00f3n de un centro integral de ganader\u00eda para la producci\u00f3n de carne de calidad para mercado interno y de exportaci\u00f3n.<\/p>\n<p align=\"left\">Al respecto el gobernador Durazo mencion\u00f3 que con estas acciones se ha avanzado para brindar seguridad a un sector primario como es la ganader\u00eda en Sonora, y garantizar bienestar a todas las familias en la entidad.<\/p>\n<p align=\"left\">\u201cEn Sonora el segundo piso de la Cuarta Transformaci\u00f3n est\u00e1 en marcha, avanzando y profundiz\u00e1ndose en un sistema de bienestar y protecci\u00f3n social sin precedente en nuestra historia\u201d, se\u00f1al\u00f3 el gobernador Durazo.<\/p>\n","protected":false},"excerpt":{"rendered":"<p>Hermosillo, Sonora; 7 de\u00a0 septiembre de 2025.- Como parte de las acciones para respaldar la actividad ganadera en Sonora por el cierre de la frontera a las exportaciones de M\u00e9xico hacia Estados Unidos, el gobernador Alfonso Durazo Monta\u00f1o y la presidenta Claudia Sheinbaum Pardo, anunciaron un programa integral para la producci\u00f3n de carne al mercado [&hellip;]<\/p>\n","protected":false},"author":2,"featured_media":228912,"comment_status":"closed","ping_status":"closed","sticky":false,"template":"","format":"standard","meta":{"footnotes":""},"categories":[12870,178],"tags":[12865,12869],"class_list":["post-228911","post","type-post","status-publish","format-standard","has-post-thumbnail","hentry","category-destacadas","category-local","tag-destacadas","tag-local"],"jetpack_featured_media_url":"https:\/\/rnoticias.com.mx\/Portal\/wp-content\/uploads\/2025\/09\/unnamed-23.jpg","amp_enabled":true,"_links":{"self":[{"href":"https:\/\/rnoticias.com.mx\/Portal\/wp-json\/wp\/v2\/posts\/228911","targetHints":{"allow":["GET"]}}],"collection":[{"href":"https:\/\/rnoticias.com.mx\/Portal\/wp-json\/wp\/v2\/posts"}],"about":[{"href":"https:\/\/rnoticias.com.mx\/Portal\/wp-json\/wp\/v2\/types\/post"}],"author":[{"embeddable":true,"href":"https:\/\/rnoticias.com.mx\/Portal\/wp-json\/wp\/v2\/users\/2"}],"replies":[{"embeddable":true,"href":"https:\/\/rnoticias.com.mx\/Portal\/wp-json\/wp\/v2\/comments?post=228911"}],"version-history":[{"count":1,"href":"https:\/\/rnoticias.com.mx\/Portal\/wp-json\/wp\/v2\/posts\/228911\/revisions"}],"predecessor-version":[{"id":228913,"href":"https:\/\/rnoticias.com.mx\/Portal\/wp-json\/wp\/v2\/posts\/228911\/revisions\/228913"}],"wp:featuredmedia":[{"embeddable":true,"href":"https:\/\/rnoticias.com.mx\/Portal\/wp-json\/wp\/v2\/media\/228912"}],"wp:attachment":[{"href":"https:\/\/rnoticias.com.mx\/Portal\/wp-json\/wp\/v2\/media?parent=228911"}],"wp:term":[{"taxonomy":"category","embeddable":true,"href":"https:\/\/rnoticias.com.mx\/Portal\/wp-json\/wp\/v2\/categories?post=228911"},{"taxonomy":"post_tag","embeddable":true,"href":"https:\/\/rnoticias.com.mx\/Portal\/wp-json\/wp\/v2\/tags?post=228911"}],"curies":[{"name":"wp","href":"https:\/\/api.w.org\/{rel}","templated":true}]}}