{"id":228899,"date":"2025-09-07T20:39:25","date_gmt":"2025-09-08T03:39:25","guid":{"rendered":"https:\/\/rnoticias.com.mx\/Portal\/?p=228899"},"modified":"2025-09-07T20:39:25","modified_gmt":"2025-09-08T03:39:25","slug":"antonio-tono-astiazaran-es-reconocido-entre-los-300-lideres-de-mexico-por-su-labor-de-inclusion-e-innovacion","status":"publish","type":"post","link":"https:\/\/rnoticias.com.mx\/Portal\/2025\/09\/07\/antonio-tono-astiazaran-es-reconocido-entre-los-300-lideres-de-mexico-por-su-labor-de-inclusion-e-innovacion\/","title":{"rendered":"Antonio \u201cTo\u00f1o\u201d Astiazar\u00e1n es reconocido entre los 300 L\u00edderes de M\u00e9xico por su labor de inclusi\u00f3n e innovaci\u00f3n"},"content":{"rendered":"<p><b data-olk-copy-source=\"MessageBody\">Hermosillo, Sonora; 7 de septiembre de 2025.-<\/b>\u00a0El presidente municipal de Hermosillo, Antonio \u201cTo\u00f1o\u201d Astiazar\u00e1n Guti\u00e9rrez, es reconocido como uno de los 300 L\u00edderes M\u00e1s Influyentes en M\u00e9xico, en la categor\u00eda \u201cPoder Ejecutivo\u201d, por la revista &#8220;L\u00edderes Mexicanos&#8221; que desde 2001 realiza esta selecci\u00f3n de mexicanos que m\u00e1s impactan en nuestro pa\u00eds.<\/p>\n<p aria-hidden=\"true\">\n<p>&#8220;L\u00edderes Mexicanos&#8221; destaca que, desde su reelecci\u00f3n, \u201cTo\u00f1o\u201d Astiazar\u00e1n ha impulsado iniciativas enfocadas a la inclusi\u00f3n social y la sostenibilidad.<\/p>\n<p aria-hidden=\"true\">\n<p>Recientemente present\u00f3 el Plan H Suma, que propone reformas en la administraci\u00f3n p\u00fablica municipal para garantizar la accesibilidad y participaci\u00f3n de personas con discapacidad, incluyendo la creaci\u00f3n de enlaces responsables en cada dependencia.<\/p>\n<p aria-hidden=\"true\">\n<p>Adem\u00e1s, ha promovido proyectos de energ\u00eda renovable, como la instalaci\u00f3n de paneles solares en viviendas y edificios p\u00fablicos y ha fomentado la participaci\u00f3n juvenil a trav\u00e9s del Cabildo Juvenil, brindando a los j\u00f3venes espacios para involucrarse en la toma de decisiones gubernamentales.<\/p>\n<p aria-hidden=\"true\">\n<p>La reconocida revista destaca que todos los que aparecen en esta edici\u00f3n, incluyendo a To\u00f1o Astiazar\u00e1n, son l\u00edderes que construyen la realidad nacional cada d\u00eda, son hombres y mujeres cuyas decisiones verdaderamente impactan el rumbo de nuestro pa\u00eds.<\/p>\n<p aria-hidden=\"true\">\n<p>Se\u00f1ala que todos los que aparecen en esta edici\u00f3n son l\u00edderes que construyen la realidad nacional cada d\u00eda.<\/p>\n<p aria-hidden=\"true\">\n<p><a title=\"https:\/\/lideresmexicanos.com\/los300\/2025-antonio-francisco-astiazaran-gutierrez\" href=\"https:\/\/lideresmexicanos.com\/los300\/2025-antonio-francisco-astiazaran-gutierrez\" target=\"_blank\" rel=\"noopener noreferrer\" data-auth=\"NotApplicable\" data-linkindex=\"0\">https:\/\/lideresmexicanos.com\/los300\/2025-antonio-francisco-astiazaran-gutierrez<\/a><\/p>\n","protected":false},"excerpt":{"rendered":"<p>Hermosillo, Sonora; 7 de septiembre de 2025.-\u00a0El presidente municipal de Hermosillo, Antonio \u201cTo\u00f1o\u201d Astiazar\u00e1n Guti\u00e9rrez, es reconocido como uno de los 300 L\u00edderes M\u00e1s Influyentes en M\u00e9xico, en la categor\u00eda \u201cPoder Ejecutivo\u201d, por la revista &#8220;L\u00edderes Mexicanos&#8221; que desde 2001 realiza esta selecci\u00f3n de mexicanos que m\u00e1s impactan en nuestro pa\u00eds. &#8220;L\u00edderes Mexicanos&#8221; destaca que, [&hellip;]<\/p>\n","protected":false},"author":2,"featured_media":228900,"comment_status":"closed","ping_status":"closed","sticky":false,"template":"","format":"standard","meta":{"footnotes":""},"categories":[12870,178],"tags":[12865,12869],"class_list":["post-228899","post","type-post","status-publish","format-standard","has-post-thumbnail","hentry","category-destacadas","category-local","tag-destacadas","tag-local"],"jetpack_featured_media_url":"https:\/\/rnoticias.com.mx\/Portal\/wp-content\/uploads\/2025\/09\/1d4aa3a7-8b28-41b0-aa9e-418a2b8807c9-scaled.jpg","amp_enabled":true,"_links":{"self":[{"href":"https:\/\/rnoticias.com.mx\/Portal\/wp-json\/wp\/v2\/posts\/228899","targetHints":{"allow":["GET"]}}],"collection":[{"href":"https:\/\/rnoticias.com.mx\/Portal\/wp-json\/wp\/v2\/posts"}],"about":[{"href":"https:\/\/rnoticias.com.mx\/Portal\/wp-json\/wp\/v2\/types\/post"}],"author":[{"embeddable":true,"href":"https:\/\/rnoticias.com.mx\/Portal\/wp-json\/wp\/v2\/users\/2"}],"replies":[{"embeddable":true,"href":"https:\/\/rnoticias.com.mx\/Portal\/wp-json\/wp\/v2\/comments?post=228899"}],"version-history":[{"count":1,"href":"https:\/\/rnoticias.com.mx\/Portal\/wp-json\/wp\/v2\/posts\/228899\/revisions"}],"predecessor-version":[{"id":228901,"href":"https:\/\/rnoticias.com.mx\/Portal\/wp-json\/wp\/v2\/posts\/228899\/revisions\/228901"}],"wp:featuredmedia":[{"embeddable":true,"href":"https:\/\/rnoticias.com.mx\/Portal\/wp-json\/wp\/v2\/media\/228900"}],"wp:attachment":[{"href":"https:\/\/rnoticias.com.mx\/Portal\/wp-json\/wp\/v2\/media?parent=228899"}],"wp:term":[{"taxonomy":"category","embeddable":true,"href":"https:\/\/rnoticias.com.mx\/Portal\/wp-json\/wp\/v2\/categories?post=228899"},{"taxonomy":"post_tag","embeddable":true,"href":"https:\/\/rnoticias.com.mx\/Portal\/wp-json\/wp\/v2\/tags?post=228899"}],"curies":[{"name":"wp","href":"https:\/\/api.w.org\/{rel}","templated":true}]}}